{"id":4307,"date":"2023-09-25T11:23:27","date_gmt":"2023-09-25T14:23:27","guid":{"rendered":"https:\/\/anadotto.com.br\/blog\/?p=4307"},"modified":"2023-09-26T09:52:31","modified_gmt":"2023-09-26T12:52:31","slug":"greici-mattos","status":"publish","type":"post","link":"https:\/\/anadotto.com.br\/blog\/?p=4307","title":{"rendered":"Greici Mattos"},"content":{"rendered":"\n<p>O casamento da jornalista Greici Mattos, celebrado em novembro de 2021, no Altos do Vale, interior de Farroupilha, pode ser comparado com um bom filme rom\u00e2ntico, daqueles com alguns contratempos que deixam a hist\u00f3ria ainda mais encantadora.<\/p>\n\n\n\n<p>Tudo come\u00e7a pela forma como ela conheceu o marido, Alexandre Imperador. Ele foi at\u00e9 o est\u00fadio da RBS TV em Caxias do Sul para participar de uma reportagem em janeiro de 2018. Na \u00e9poca, ela trabalhava como rep\u00f3rter da emissora. Segundo ela, aquele encontro foi o suficiente para se apaixonar e o namoro come\u00e7ar.<\/p>\n\n\n\n<figure class=\"wp-block-image size-full\"><img decoding=\"async\" loading=\"lazy\" width=\"1024\" height=\"683\" src=\"https:\/\/anadotto.com.br\/blog\/wp-content\/uploads\/2023\/09\/photo1695643482.jpeg\" alt=\"\" class=\"wp-image-4311\" srcset=\"https:\/\/anadotto.com.br\/blog\/wp-content\/uploads\/2023\/09\/photo1695643482.jpeg 1024w, https:\/\/anadotto.com.br\/blog\/wp-content\/uploads\/2023\/09\/photo1695643482-300x200.jpeg 300w, https:\/\/anadotto.com.br\/blog\/wp-content\/uploads\/2023\/09\/photo1695643482-768x512.jpeg 768w, https:\/\/anadotto.com.br\/blog\/wp-content\/uploads\/2023\/09\/photo1695643482-344x229.jpeg 344w, https:\/\/anadotto.com.br\/blog\/wp-content\/uploads\/2023\/09\/photo1695643482-688x459.jpeg 688w, https:\/\/anadotto.com.br\/blog\/wp-content\/uploads\/2023\/09\/photo1695643482-728x486.jpeg 728w, https:\/\/anadotto.com.br\/blog\/wp-content\/uploads\/2023\/09\/photo1695643482-516x344.jpeg 516w\" sizes=\"(max-width: 1024px) 100vw, 1024px\" \/><\/figure>\n\n\n\n<p>A paix\u00e3o seguiu o rumo natural, e resultou nos planos para o casamento. A\u00ed surgiu a Ana Dotto na vida da noiva. A jornalista optou por conhecer o ateli\u00ea ap\u00f3s receber uma indica\u00e7\u00e3o da amiga. Al\u00e9m disso, Greici n\u00e3o ficou satisfeita com os modelos de vestido que tinha visto. \u201cFazer meu vestido com ela significou ter um toque meu\u201d, relembra.<\/p>\n\n\n\n<p>Quando a data da cerim\u00f4nia se aproximava, a pandemia do coronav\u00edrus chegou e, por consequ\u00eancia, adiou a celebra\u00e7\u00e3o. O vestido \u201cquase pronto\u201d ficou esperando a noiva e o grande dia para ser usado.<\/p>\n\n\n\n<p>O retorno das atividades come\u00e7ou e, com isso, a possibilidade da celebra\u00e7\u00e3o. Entretanto, um detalhe influenciava \u2013 outra vez \u2013 os rumos do casamento. Greici estava gr\u00e1vida da primeira filha, a Aurora. \u201cTivemos que fazer um novo vestido. A Ana e a equipe foram muito carinhosos e compreensivos\u201d, recorda com carinho.<\/p>\n\n\n\n<figure class=\"wp-block-image size-full\"><img decoding=\"async\" loading=\"lazy\" width=\"1024\" height=\"682\" src=\"https:\/\/anadotto.com.br\/blog\/wp-content\/uploads\/2023\/09\/photo1695643482-3.jpeg\" alt=\"\" class=\"wp-image-4310\" srcset=\"https:\/\/anadotto.com.br\/blog\/wp-content\/uploads\/2023\/09\/photo1695643482-3.jpeg 1024w, https:\/\/anadotto.com.br\/blog\/wp-content\/uploads\/2023\/09\/photo1695643482-3-300x200.jpeg 300w, https:\/\/anadotto.com.br\/blog\/wp-content\/uploads\/2023\/09\/photo1695643482-3-768x512.jpeg 768w, https:\/\/anadotto.com.br\/blog\/wp-content\/uploads\/2023\/09\/photo1695643482-3-344x229.jpeg 344w, https:\/\/anadotto.com.br\/blog\/wp-content\/uploads\/2023\/09\/photo1695643482-3-688x458.jpeg 688w, https:\/\/anadotto.com.br\/blog\/wp-content\/uploads\/2023\/09\/photo1695643482-3-728x485.jpeg 728w, https:\/\/anadotto.com.br\/blog\/wp-content\/uploads\/2023\/09\/photo1695643482-3-516x344.jpeg 516w\" sizes=\"(max-width: 1024px) 100vw, 1024px\" \/><\/figure>\n\n\n\n<p>Pensando no conforto da noiva e futura mam\u00e3e, o vestido foi feito com voal e uma saia organza. Dessa forma, a Aurora esteve presente no casamento dos pais de uma forma carinhosa.<\/p>\n\n\n\n<p>Finalmente a cerim\u00f4nia ocorreu no dia 29 de novembro de 2021. Por\u00e9m, mais um pequeno contratempo aconteceu. A celebra\u00e7\u00e3o foi planejada para ser realizada ao ar livre. Uma chuva inesperada fez com que a decora\u00e7\u00e3o fosse realocada numa \u00e1rea interna.<\/p>\n\n\n\n<figure class=\"wp-block-image size-full\"><img decoding=\"async\" loading=\"lazy\" width=\"1024\" height=\"683\" src=\"https:\/\/anadotto.com.br\/blog\/wp-content\/uploads\/2023\/09\/photo1695643482-2.jpeg\" alt=\"\" class=\"wp-image-4309\" srcset=\"https:\/\/anadotto.com.br\/blog\/wp-content\/uploads\/2023\/09\/photo1695643482-2.jpeg 1024w, https:\/\/anadotto.com.br\/blog\/wp-content\/uploads\/2023\/09\/photo1695643482-2-300x200.jpeg 300w, https:\/\/anadotto.com.br\/blog\/wp-content\/uploads\/2023\/09\/photo1695643482-2-768x512.jpeg 768w, https:\/\/anadotto.com.br\/blog\/wp-content\/uploads\/2023\/09\/photo1695643482-2-344x229.jpeg 344w, https:\/\/anadotto.com.br\/blog\/wp-content\/uploads\/2023\/09\/photo1695643482-2-688x459.jpeg 688w, https:\/\/anadotto.com.br\/blog\/wp-content\/uploads\/2023\/09\/photo1695643482-2-728x486.jpeg 728w, https:\/\/anadotto.com.br\/blog\/wp-content\/uploads\/2023\/09\/photo1695643482-2-516x344.jpeg 516w\" sizes=\"(max-width: 1024px) 100vw, 1024px\" \/><\/figure>\n\n\n\n<p>Entretanto, nem isso foi o suficiente para atrapalhar a magia do momento. Greici afirma que foi um dia m\u00e1gico poder compartilhar a felicidade com os convidados. \u201cFoi algo sensacional ver as pessoas entregues a esse momento. Est\u00e1vamos saindo de um momento de pandemia, e celebrar com os nossos convidados foi muito importante\u201d, destaca.<\/p>\n\n\n\n<p>Por fim, Greici analisa que passar pelo imprevisto do adiamento, serviu para reconhecer a dedica\u00e7\u00e3o e o carinho das pessoas que se envolvem com a produ\u00e7\u00e3o de eventos. \u201cA Ana Dotto e a equipe, fot\u00f3grafos, decoradores e outros profissionais s\u00e3o muito empenhados no que fazem. Eles acolhem com amor e dedica\u00e7\u00e3o esses momentos t\u00e3o marcantes para os clientes. Isso nos marcou bastante\u201d.<\/p>\n","protected":false},"excerpt":{"rendered":"<p>O casamento da jornalista Greici Mattos, celebrado em novembro de 2021, no Altos do Vale, interior de Farroupilha, pode ser comparado com um bom filme rom\u00e2ntico, daqueles com alguns contratempos que deixam a hist\u00f3ria ainda mais encantadora. Tudo come\u00e7a pela forma como ela conheceu o marido, Alexandre Imperador. Ele foi at\u00e9 o est\u00fadio da RBS [&hellip;]<\/p>\n","protected":false},"author":1,"featured_media":4308,"comment_status":"open","ping_status":"open","sticky":false,"template":"","format":"standard","meta":[],"categories":[129],"tags":[],"_links":{"self":[{"href":"https:\/\/anadotto.com.br\/blog\/index.php?rest_route=\/wp\/v2\/posts\/4307"}],"collection":[{"href":"https:\/\/anadotto.com.br\/blog\/index.php?rest_route=\/wp\/v2\/posts"}],"about":[{"href":"https:\/\/anadotto.com.br\/blog\/index.php?rest_route=\/wp\/v2\/types\/post"}],"author":[{"embeddable":true,"href":"https:\/\/anadotto.com.br\/blog\/index.php?rest_route=\/wp\/v2\/users\/1"}],"replies":[{"embeddable":true,"href":"https:\/\/anadotto.com.br\/blog\/index.php?rest_route=%2Fwp%2Fv2%2Fcomments&post=4307"}],"version-history":[{"count":2,"href":"https:\/\/anadotto.com.br\/blog\/index.php?rest_route=\/wp\/v2\/posts\/4307\/revisions"}],"predecessor-version":[{"id":4314,"href":"https:\/\/anadotto.com.br\/blog\/index.php?rest_route=\/wp\/v2\/posts\/4307\/revisions\/4314"}],"wp:featuredmedia":[{"embeddable":true,"href":"https:\/\/anadotto.com.br\/blog\/index.php?rest_route=\/wp\/v2\/media\/4308"}],"wp:attachment":[{"href":"https:\/\/anadotto.com.br\/blog\/index.php?rest_route=%2Fwp%2Fv2%2Fmedia&parent=4307"}],"wp:term":[{"taxonomy":"category","embeddable":true,"href":"https:\/\/anadotto.com.br\/blog\/index.php?rest_route=%2Fwp%2Fv2%2Fcategories&post=4307"},{"taxonomy":"post_tag","embeddable":true,"href":"https:\/\/anadotto.com.br\/blog\/index.php?rest_route=%2Fwp%2Fv2%2Ftags&post=4307"}],"curies":[{"name":"wp","href":"https:\/\/api.w.org\/{rel}","templated":true}]}}