{"id":4289,"date":"2023-09-11T10:33:27","date_gmt":"2023-09-11T13:33:27","guid":{"rendered":"https:\/\/anadotto.com.br\/blog\/?p=4289"},"modified":"2023-09-11T10:33:28","modified_gmt":"2023-09-11T13:33:28","slug":"quais-fotos-nao-podem-faltar-no-seu-casamento","status":"publish","type":"post","link":"https:\/\/anadotto.com.br\/blog\/?p=4289","title":{"rendered":"Quais fotos n\u00e3o podem faltar no seu casamento?"},"content":{"rendered":"\n<p>O dia especial do casal \u00e9 recheado com os melhores momentos com a fam\u00edlia, amigos, o local decorado, cerim\u00f4nia e tudo mais que foi planejado com amor e carinho durante meses. E as lembran\u00e7as v\u00e3o permanecer com as fotos feitas pelos fot\u00f3grafos contratados. Mas quais os registros que n\u00e3o podem faltar? Que foto vai fazer voc\u00ea suspirar relembrando daquele dia? Preparamos algumas dicas para voc\u00ea considerar.<\/p>\n\n\n\n<p>A primeira foto deve ser instantes logo ap\u00f3s a cerim\u00f4nia. Os noivos est\u00e3o carregados de emo\u00e7\u00e3o. Nessa hora, ser\u00e1 poss\u00edvel captar toda a beleza de um casal feliz por come\u00e7ar uma nova hist\u00f3ria.<br>\u00c9 claro que n\u00e3o pode faltar o beijo ap\u00f3s o \u201csim\u201d. Esse \u00e9 o gesto que representa o in\u00edcio da vida a dois. A uni\u00e3o foi selada e o casal transpira felicidade pela decis\u00e3o.<\/p>\n\n\n\n<p>Mas as fotos, claro, come\u00e7am antes da cerim\u00f4nia. O making of da noiva e do noivo rendem excelentes imagens. Essa \u00e9 uma situa\u00e7\u00e3o carregada de expectativas com a cerim\u00f4nia. O fot\u00f3grafo precisa ter a sensibilidade de compreender as caracter\u00edsticas do casal, para que as fotos transmitam a personalidade de cada um. Al\u00e9m disso, os padrinhos acrescem muito valor nesses registros.<\/p>\n\n\n\n<p>Outra foto que \u00e9 super v\u00e1lida \u00e9 o registro individual do noivo e da noiva. Cada um expressa de forma muito peculiar as emo\u00e7\u00f5es, principalmente nos momentos que antecedem o in\u00edcio da cerim\u00f4nia. Aqui cabe um detalhe, a entrada da noiva vale ouro para o fot\u00f3grafo. Nessa hora, cada um parece levitar de alegria e felicidade.<\/p>\n\n\n\n<p>N\u00e3o esque\u00e7a de quem \u00e9 importante. Fotos dos padrinhos e dos pais \u00e9 imprescind\u00edvel. Eles tamb\u00e9m transbordam de felicidade, afinal de contas, s\u00e3o as pessoas mais importantes para os noivos. Logo, eles v\u00e3o celebrar demais o momento.<\/p>\n\n\n\n<p>Os detalhes da decora\u00e7\u00e3o tamb\u00e9m rendem boas fotos. O casal pensou em tudo com muito amor e carinho. Portanto, vale o registro de flores, bolos e outros detalhes que embelezam o momento.<br>Essas s\u00e3o apenas algumas sugest\u00f5es que render\u00e3o boas mem\u00f3rias. Na hora de contratar uma equipe de fot\u00f3grafos, vale pedir acesso ao portf\u00f3lio do est\u00fadio. \u00c9 uma boa maneira de conhecer o trabalho e ter uma ideia da capacidade dos profissionais.<\/p>\n\n\n\n<p>E, claro, para o casamento ficar perfeito, \u00e9 necess\u00e1rio pensar num vestido de noiva incr\u00edvel. A Ana Dotto te espera para saber qual o seu sonho na hora de subir ao altar.<\/p>\n\n\n\n<p>Vamos conversar?<\/p>\n\n\n\n<p>Foto: Julia Chiochetta, vestindo Ana Dotto<br>Fot\u00f3grafo: Mayckon Santos<\/p>\n","protected":false},"excerpt":{"rendered":"<p>O dia especial do casal \u00e9 recheado com os melhores momentos com a fam\u00edlia, amigos, o local decorado, cerim\u00f4nia e tudo mais que foi planejado com amor e carinho durante meses. E as lembran\u00e7as v\u00e3o permanecer com as fotos feitas pelos fot\u00f3grafos contratados. Mas quais os registros que n\u00e3o podem faltar? Que foto vai fazer [&hellip;]<\/p>\n","protected":false},"author":1,"featured_media":4290,"comment_status":"open","ping_status":"open","sticky":false,"template":"","format":"standard","meta":[],"categories":[16,129],"tags":[],"_links":{"self":[{"href":"https:\/\/anadotto.com.br\/blog\/index.php?rest_route=\/wp\/v2\/posts\/4289"}],"collection":[{"href":"https:\/\/anadotto.com.br\/blog\/index.php?rest_route=\/wp\/v2\/posts"}],"about":[{"href":"https:\/\/anadotto.com.br\/blog\/index.php?rest_route=\/wp\/v2\/types\/post"}],"author":[{"embeddable":true,"href":"https:\/\/anadotto.com.br\/blog\/index.php?rest_route=\/wp\/v2\/users\/1"}],"replies":[{"embeddable":true,"href":"https:\/\/anadotto.com.br\/blog\/index.php?rest_route=%2Fwp%2Fv2%2Fcomments&post=4289"}],"version-history":[{"count":1,"href":"https:\/\/anadotto.com.br\/blog\/index.php?rest_route=\/wp\/v2\/posts\/4289\/revisions"}],"predecessor-version":[{"id":4291,"href":"https:\/\/anadotto.com.br\/blog\/index.php?rest_route=\/wp\/v2\/posts\/4289\/revisions\/4291"}],"wp:featuredmedia":[{"embeddable":true,"href":"https:\/\/anadotto.com.br\/blog\/index.php?rest_route=\/wp\/v2\/media\/4290"}],"wp:attachment":[{"href":"https:\/\/anadotto.com.br\/blog\/index.php?rest_route=%2Fwp%2Fv2%2Fmedia&parent=4289"}],"wp:term":[{"taxonomy":"category","embeddable":true,"href":"https:\/\/anadotto.com.br\/blog\/index.php?rest_route=%2Fwp%2Fv2%2Fcategories&post=4289"},{"taxonomy":"post_tag","embeddable":true,"href":"https:\/\/anadotto.com.br\/blog\/index.php?rest_route=%2Fwp%2Fv2%2Ftags&post=4289"}],"curies":[{"name":"wp","href":"https:\/\/api.w.org\/{rel}","templated":true}]}}