{"id":4260,"date":"2023-08-09T14:19:38","date_gmt":"2023-08-09T17:19:38","guid":{"rendered":"https:\/\/anadotto.com.br\/blog\/?p=4260"},"modified":"2023-08-09T14:25:30","modified_gmt":"2023-08-09T17:25:30","slug":"renata-fragomeni-almeida","status":"publish","type":"post","link":"https:\/\/anadotto.com.br\/blog\/?p=4260","title":{"rendered":"Renata Fragomeni Almeida"},"content":{"rendered":"\n<p>A rotina da medicina uniu e o casamento sacramentou!<\/p>\n\n\n\n<p>Assim surgiu o casamento da Renata Fragomeni Almeida e Bruno Costamilan Winkler. Ele, m\u00e9dico de Caxias do Sul, realizava uma especializa\u00e7\u00e3o em Porto Alegre. Ela, igualmente m\u00e9dica, era moradora da capital quando conheceu o amor da sua vida.<\/p>\n\n\n\n<figure class=\"wp-block-image size-full\"><img decoding=\"async\" loading=\"lazy\" width=\"683\" height=\"1024\" src=\"https:\/\/anadotto.com.br\/blog\/wp-content\/uploads\/2023\/08\/WhatsApp-Image-2023-08-09-at-1.49.03-PM.jpeg\" alt=\"\" class=\"wp-image-4262\" srcset=\"https:\/\/anadotto.com.br\/blog\/wp-content\/uploads\/2023\/08\/WhatsApp-Image-2023-08-09-at-1.49.03-PM.jpeg 683w, https:\/\/anadotto.com.br\/blog\/wp-content\/uploads\/2023\/08\/WhatsApp-Image-2023-08-09-at-1.49.03-PM-200x300.jpeg 200w, https:\/\/anadotto.com.br\/blog\/wp-content\/uploads\/2023\/08\/WhatsApp-Image-2023-08-09-at-1.49.03-PM-344x516.jpeg 344w, https:\/\/anadotto.com.br\/blog\/wp-content\/uploads\/2023\/08\/WhatsApp-Image-2023-08-09-at-1.49.03-PM-516x774.jpeg 516w\" sizes=\"(max-width: 683px) 100vw, 683px\" \/><\/figure>\n\n\n\n<p>Os dois foram apresentados por uma amiga em comum. Eles namoraram por seis anos at\u00e9 subirem ao altar.<\/p>\n\n\n\n<p>Renata sempre sonhou em casar na igreja. Entretanto, ele manifestava que apenas uma cerim\u00f4nia no civil seria o suficiente. Talvez por isso o pedido de casamento quase passou despercebido por ela. \u201cEle colocou a alian\u00e7a no molho de chaves. Eu peguei e sequer reparei que tinha algo diferente\u201d, relembra. Quando ele pediu que ela olhasse com aten\u00e7\u00e3o, viu o anel.<\/p>\n\n\n\n<p><strong>O vestido<\/strong><\/p>\n\n\n\n<figure class=\"wp-block-image size-full\"><img decoding=\"async\" loading=\"lazy\" width=\"683\" height=\"1024\" src=\"https:\/\/anadotto.com.br\/blog\/wp-content\/uploads\/2023\/08\/WhatsApp-Image-2023-08-09-at-1.49.04-PM-1.jpeg\" alt=\"\" class=\"wp-image-4266\" srcset=\"https:\/\/anadotto.com.br\/blog\/wp-content\/uploads\/2023\/08\/WhatsApp-Image-2023-08-09-at-1.49.04-PM-1.jpeg 683w, https:\/\/anadotto.com.br\/blog\/wp-content\/uploads\/2023\/08\/WhatsApp-Image-2023-08-09-at-1.49.04-PM-1-200x300.jpeg 200w, https:\/\/anadotto.com.br\/blog\/wp-content\/uploads\/2023\/08\/WhatsApp-Image-2023-08-09-at-1.49.04-PM-1-344x516.jpeg 344w, https:\/\/anadotto.com.br\/blog\/wp-content\/uploads\/2023\/08\/WhatsApp-Image-2023-08-09-at-1.49.04-PM-1-516x774.jpeg 516w\" sizes=\"(max-width: 683px) 100vw, 683px\" \/><\/figure>\n\n\n\n<p>Apesar de sempre se imaginar casando na igreja, Renata revela que n\u00e3o gostava de vestidos mais tradicionais. Ou seja, nada que fosse muito volumoso. \u201cComecei a procurar alguns. Quando provava, sentia que estava fantasiada de noiva. N\u00e3o era aquilo que eu queria\u201d, explica.<\/p>\n\n\n\n<p>Nesse momento, por j\u00e1 conhecer o trabalho, ela resolveu procurar a Ana Dotto. \u201cEu sempre achei os vestidos dela muito bonitos\u201d, enfatiza. Mesmo assim, afirma que sentiu um pouco de medo com a possibilidade de mandar fazer um sob medida.<\/p>\n\n\n\n<p>Logo na primeira conversa, Renata afirma que houve uma sinergia fundamental para a confec\u00e7\u00e3o do vestido. \u201cEla me entendeu logo de cara!\u201d, relembra. A cada prova, a satisfa\u00e7\u00e3o pela escolha s\u00f3 aumentava.<\/p>\n\n\n\n<p>Outro momento que deixou Renata satisfeita por escolher a Ana, foi o respeito pela decis\u00e3o por um vestido mais vers\u00e1til. \u201cLembro que cheguei a visitar uma estilista em Porto Alegre. Quando disse que n\u00e3o queria v\u00e9u, ela ficou me pressionando. A Ana entendeu j\u00e1 no come\u00e7o, e refor\u00e7ou que eu deveria fazer uma escolha para me sentir bem\u201d, destaca.<\/p>\n\n\n\n<p>O resultado final ficou \u201cmaravilhoso\u201d \u2013 defini\u00e7\u00e3o da Renata \u2013, para que ela e o noivo pudessem curtir o dia especial em 6 de novembro de 2021. O casamento, realizado durante o dia, teve a cerim\u00f4nia na Catedral e terminou com um almo\u00e7o e festa para os convidados no Altos do Vale.<\/p>\n\n\n\n<figure class=\"wp-block-image size-full\"><img decoding=\"async\" loading=\"lazy\" width=\"683\" height=\"1024\" src=\"https:\/\/anadotto.com.br\/blog\/wp-content\/uploads\/2023\/08\/WhatsApp-Image-2023-08-09-at-1.49.05-PM.jpeg\" alt=\"\" class=\"wp-image-4264\" srcset=\"https:\/\/anadotto.com.br\/blog\/wp-content\/uploads\/2023\/08\/WhatsApp-Image-2023-08-09-at-1.49.05-PM.jpeg 683w, https:\/\/anadotto.com.br\/blog\/wp-content\/uploads\/2023\/08\/WhatsApp-Image-2023-08-09-at-1.49.05-PM-200x300.jpeg 200w, https:\/\/anadotto.com.br\/blog\/wp-content\/uploads\/2023\/08\/WhatsApp-Image-2023-08-09-at-1.49.05-PM-344x516.jpeg 344w, https:\/\/anadotto.com.br\/blog\/wp-content\/uploads\/2023\/08\/WhatsApp-Image-2023-08-09-at-1.49.05-PM-516x774.jpeg 516w\" sizes=\"(max-width: 683px) 100vw, 683px\" \/><\/figure>\n","protected":false},"excerpt":{"rendered":"<p>A rotina da medicina uniu e o casamento sacramentou! Assim surgiu o casamento da Renata Fragomeni Almeida e Bruno Costamilan Winkler. Ele, m\u00e9dico de Caxias do Sul, realizava uma especializa\u00e7\u00e3o em Porto Alegre. Ela, igualmente m\u00e9dica, era moradora da capital quando conheceu o amor da sua vida. Os dois foram apresentados por uma amiga em [&hellip;]<\/p>\n","protected":false},"author":1,"featured_media":4263,"comment_status":"open","ping_status":"open","sticky":false,"template":"","format":"standard","meta":[],"categories":[1],"tags":[],"_links":{"self":[{"href":"https:\/\/anadotto.com.br\/blog\/index.php?rest_route=\/wp\/v2\/posts\/4260"}],"collection":[{"href":"https:\/\/anadotto.com.br\/blog\/index.php?rest_route=\/wp\/v2\/posts"}],"about":[{"href":"https:\/\/anadotto.com.br\/blog\/index.php?rest_route=\/wp\/v2\/types\/post"}],"author":[{"embeddable":true,"href":"https:\/\/anadotto.com.br\/blog\/index.php?rest_route=\/wp\/v2\/users\/1"}],"replies":[{"embeddable":true,"href":"https:\/\/anadotto.com.br\/blog\/index.php?rest_route=%2Fwp%2Fv2%2Fcomments&post=4260"}],"version-history":[{"count":3,"href":"https:\/\/anadotto.com.br\/blog\/index.php?rest_route=\/wp\/v2\/posts\/4260\/revisions"}],"predecessor-version":[{"id":4270,"href":"https:\/\/anadotto.com.br\/blog\/index.php?rest_route=\/wp\/v2\/posts\/4260\/revisions\/4270"}],"wp:featuredmedia":[{"embeddable":true,"href":"https:\/\/anadotto.com.br\/blog\/index.php?rest_route=\/wp\/v2\/media\/4263"}],"wp:attachment":[{"href":"https:\/\/anadotto.com.br\/blog\/index.php?rest_route=%2Fwp%2Fv2%2Fmedia&parent=4260"}],"wp:term":[{"taxonomy":"category","embeddable":true,"href":"https:\/\/anadotto.com.br\/blog\/index.php?rest_route=%2Fwp%2Fv2%2Fcategories&post=4260"},{"taxonomy":"post_tag","embeddable":true,"href":"https:\/\/anadotto.com.br\/blog\/index.php?rest_route=%2Fwp%2Fv2%2Ftags&post=4260"}],"curies":[{"name":"wp","href":"https:\/\/api.w.org\/{rel}","templated":true}]}}