{"id":3866,"date":"2022-09-28T17:33:58","date_gmt":"2022-09-28T20:33:58","guid":{"rendered":"http:\/\/anadotto.com.br\/blog\/?p=3866"},"modified":"2022-09-28T17:33:59","modified_gmt":"2022-09-28T20:33:59","slug":"como-planejar-um-casamento-na-praia","status":"publish","type":"post","link":"https:\/\/anadotto.com.br\/blog\/?p=3866","title":{"rendered":"Como planejar um casamento na praia"},"content":{"rendered":"\n<p>A praia \u00e9 um dos melhores cen\u00e1rios para o casamento, n\u00e3o \u00e9 mesmo? Imagina a sensa\u00e7\u00e3o de colocar o p\u00e9 na areia, sentir a brisa do mar e, ainda por cima, ter o oceano como plano de fundo para sua cerim\u00f4nia?<\/p>\n\n\n\n<p>\u00c9 o cen\u00e1rio perfeito! Que cria um clima rom\u00e2ntico diferente e traz a impress\u00e3o de liberdade, com um toque de informalidade que tantos noivos gostam.&nbsp;<\/p>\n\n\n\n<p>Para que tudo saia como imaginado, \u00e9 importante organiza\u00e7\u00e3o nessa hora. Um casamento na praia pode parecer simples, mas requer muito planejamento. E aqui, vamos ajudar um pouco voc\u00ea que sonha casar no Litoral.<\/p>\n\n\n\n<p>Vamos \u00e0s dicas!<\/p>\n\n\n\n<p><strong>Planeje com anteced\u00eancia<\/strong><\/p>\n\n\n\n<p>Claro que \u00e9 fundamental planejar com anteced\u00eancia qualquer casamento. Mas, quando falamos de praia, \u00e9 essencial ter mais cuidado ainda.<\/p>\n\n\n\n<p>A maioria dos noivos que escolhem se casar na praia n\u00e3o moram no Litoral. Se voc\u00ea se encaixa nessa situa\u00e7\u00e3o, \u00e9 bom ter uma boa planilha para se organizar com bastante tempo.<\/p>\n\n\n\n<p>O primeiro de tudo: pense nos convidados!<\/p>\n\n\n\n<p>Voc\u00ea precisa pensar que seus convidados v\u00e3o precisar se deslocar at\u00e9 a cidade do seu casamento. Para evitar qualquer transtorno, j\u00e1 explique no convite todas as informa\u00e7\u00f5es sobre o local da cerim\u00f4nia.&nbsp;<\/p>\n\n\n\n<p>E melhor: envie com bastante anteced\u00eancia, para que eles possam planejar suas viagens at\u00e9 o lugar.<\/p>\n\n\n\n<p><strong>Decida o local<\/strong><\/p>\n\n\n\n<p>Com tantas op\u00e7\u00f5es maravilhosas de praia, fica at\u00e9 dif\u00edcil escolher, n\u00e9? Mas \u00e9 indispens\u00e1vel decidir o quanto antes e, por isso, aqui vai um conselho:<\/p>\n\n\n\n<p>Definido o destino, tem outra coisa bem importante que precisa ser observada: a autoriza\u00e7\u00e3o para casar na praia. Como o espa\u00e7o \u00e9 um bem p\u00fablico, \u00e9 necess\u00e1rio ver com a prefeitura da cidade como se consegue a libera\u00e7\u00e3o.<\/p>\n\n\n\n<p>Aqui vai uma dica extra: voc\u00ea pode tentar fechar parcerias com pousadas ou outros locais de acomoda\u00e7\u00e3o. Tudo isso na ideia de concentrar seus convidados em um s\u00f3 espa\u00e7o, evitando muito deslocamento at\u00e9 o lugar da cerim\u00f4nia.<\/p>\n\n\n\n<p><strong>Verifique o tempo<\/strong><\/p>\n\n\n\n<p>Quando se pensa em casamento na praia, todos imaginam um dia ensolarado, com calor, e uma ilumina\u00e7\u00e3o natural incr\u00edvel para ajudar na hora das fotos.&nbsp;<\/p>\n\n\n\n<p>E para sua celebra\u00e7\u00e3o sair desse jeito, \u00e9 primordial pesquisar como estar\u00e1 o clima para o dia do seu casamento. Ningu\u00e9m quer uma chuva atrapalhando a cerim\u00f4nia, n\u00e9?<\/p>\n\n\n\n<p>Mas, se mesmo marcando tempo bom no dia, de repente cai uma chuva: tenha um plano B. Voc\u00ea pode ter uma estrutura montada, como uma tenda, para acomodar todos desde a recep\u00e7\u00e3o at\u00e9 o casamento.<\/p>\n\n\n\n<p><strong>O vestido de noiva ideal<\/strong><\/p>\n\n\n\n<p>O vestido ideal \u00e9 aquele que voc\u00ea se sente bem! Mas h\u00e1 algumas op\u00e7\u00f5es para um casamento mais informal, como \u00e9 o de praia.<\/p>\n\n\n\n<p>O ambiente pede algo que fuja do tradicional, sendo fluido, b\u00e1sico e rom\u00e2ntico, nada muito pesado como os cl\u00e1ssicos. D\u00e1 para apostar em um vestido tipo sereia ou um minimalista. Se quiser, pode ser bem encorpado, com recortes e bordados, mas precisam de fluidez.&nbsp;<\/p>\n\n\n\n<p>Podemos te ajudar com este vestido! Fale com o Ana Dotto Atelier e vamos criar o seu vestido ideal para o casamento na praia!<\/p>\n\n\n\n<p>Nas fotos a seguir, algumas noivas Ana Dotto que tiveram essa ideia!<\/p>\n\n\n\n<figure class=\"wp-block-image size-large\"><img decoding=\"async\" loading=\"lazy\" width=\"683\" height=\"1024\" src=\"http:\/\/anadotto.com.br\/blog\/wp-content\/uploads\/2022\/09\/b9318671-2646-454d-ab83-ddb954c9ba94-683x1024.jpg\" alt=\"\" class=\"wp-image-3867\" srcset=\"https:\/\/anadotto.com.br\/blog\/wp-content\/uploads\/2022\/09\/b9318671-2646-454d-ab83-ddb954c9ba94-683x1024.jpg 683w, https:\/\/anadotto.com.br\/blog\/wp-content\/uploads\/2022\/09\/b9318671-2646-454d-ab83-ddb954c9ba94-200x300.jpg 200w, https:\/\/anadotto.com.br\/blog\/wp-content\/uploads\/2022\/09\/b9318671-2646-454d-ab83-ddb954c9ba94-768x1151.jpg 768w, https:\/\/anadotto.com.br\/blog\/wp-content\/uploads\/2022\/09\/b9318671-2646-454d-ab83-ddb954c9ba94-344x516.jpg 344w, https:\/\/anadotto.com.br\/blog\/wp-content\/uploads\/2022\/09\/b9318671-2646-454d-ab83-ddb954c9ba94-688x1031.jpg 688w, https:\/\/anadotto.com.br\/blog\/wp-content\/uploads\/2022\/09\/b9318671-2646-454d-ab83-ddb954c9ba94-728x1091.jpg 728w, https:\/\/anadotto.com.br\/blog\/wp-content\/uploads\/2022\/09\/b9318671-2646-454d-ab83-ddb954c9ba94-516x773.jpg 516w, https:\/\/anadotto.com.br\/blog\/wp-content\/uploads\/2022\/09\/b9318671-2646-454d-ab83-ddb954c9ba94.jpg 854w\" sizes=\"(max-width: 683px) 100vw, 683px\" \/><figcaption>Flavia Prade <br>Foto: F\u00e1tima Marcanth<\/figcaption><\/figure>\n\n\n\n<figure class=\"wp-block-image size-large\"><img decoding=\"async\" loading=\"lazy\" width=\"682\" height=\"1024\" src=\"http:\/\/anadotto.com.br\/blog\/wp-content\/uploads\/2022\/09\/2b2140a9-8b46-4ffa-95a4-a8fbb0e1ab7e-682x1024.jpg\" alt=\"\" class=\"wp-image-3868\" srcset=\"https:\/\/anadotto.com.br\/blog\/wp-content\/uploads\/2022\/09\/2b2140a9-8b46-4ffa-95a4-a8fbb0e1ab7e-682x1024.jpg 682w, https:\/\/anadotto.com.br\/blog\/wp-content\/uploads\/2022\/09\/2b2140a9-8b46-4ffa-95a4-a8fbb0e1ab7e-200x300.jpg 200w, https:\/\/anadotto.com.br\/blog\/wp-content\/uploads\/2022\/09\/2b2140a9-8b46-4ffa-95a4-a8fbb0e1ab7e-768x1152.jpg 768w, https:\/\/anadotto.com.br\/blog\/wp-content\/uploads\/2022\/09\/2b2140a9-8b46-4ffa-95a4-a8fbb0e1ab7e-344x516.jpg 344w, https:\/\/anadotto.com.br\/blog\/wp-content\/uploads\/2022\/09\/2b2140a9-8b46-4ffa-95a4-a8fbb0e1ab7e-688x1032.jpg 688w, https:\/\/anadotto.com.br\/blog\/wp-content\/uploads\/2022\/09\/2b2140a9-8b46-4ffa-95a4-a8fbb0e1ab7e-728x1092.jpg 728w, https:\/\/anadotto.com.br\/blog\/wp-content\/uploads\/2022\/09\/2b2140a9-8b46-4ffa-95a4-a8fbb0e1ab7e-516x774.jpg 516w, https:\/\/anadotto.com.br\/blog\/wp-content\/uploads\/2022\/09\/2b2140a9-8b46-4ffa-95a4-a8fbb0e1ab7e.jpg 853w\" sizes=\"(max-width: 682px) 100vw, 682px\" \/><figcaption>Andrea Lauck <br>Foto: Ana Paula Guerra<\/figcaption><\/figure>\n","protected":false},"excerpt":{"rendered":"<p>A praia \u00e9 um dos melhores cen\u00e1rios para o casamento, n\u00e3o \u00e9 mesmo? Imagina a sensa\u00e7\u00e3o de colocar o p\u00e9 na areia, sentir a brisa do mar e, ainda por cima, ter o oceano como plano de fundo para sua cerim\u00f4nia? \u00c9 o cen\u00e1rio perfeito! Que cria um clima rom\u00e2ntico diferente e traz a impress\u00e3o [&hellip;]<\/p>\n","protected":false},"author":1,"featured_media":3869,"comment_status":"open","ping_status":"open","sticky":false,"template":"","format":"standard","meta":[],"categories":[1],"tags":[],"_links":{"self":[{"href":"https:\/\/anadotto.com.br\/blog\/index.php?rest_route=\/wp\/v2\/posts\/3866"}],"collection":[{"href":"https:\/\/anadotto.com.br\/blog\/index.php?rest_route=\/wp\/v2\/posts"}],"about":[{"href":"https:\/\/anadotto.com.br\/blog\/index.php?rest_route=\/wp\/v2\/types\/post"}],"author":[{"embeddable":true,"href":"https:\/\/anadotto.com.br\/blog\/index.php?rest_route=\/wp\/v2\/users\/1"}],"replies":[{"embeddable":true,"href":"https:\/\/anadotto.com.br\/blog\/index.php?rest_route=%2Fwp%2Fv2%2Fcomments&post=3866"}],"version-history":[{"count":1,"href":"https:\/\/anadotto.com.br\/blog\/index.php?rest_route=\/wp\/v2\/posts\/3866\/revisions"}],"predecessor-version":[{"id":3870,"href":"https:\/\/anadotto.com.br\/blog\/index.php?rest_route=\/wp\/v2\/posts\/3866\/revisions\/3870"}],"wp:featuredmedia":[{"embeddable":true,"href":"https:\/\/anadotto.com.br\/blog\/index.php?rest_route=\/wp\/v2\/media\/3869"}],"wp:attachment":[{"href":"https:\/\/anadotto.com.br\/blog\/index.php?rest_route=%2Fwp%2Fv2%2Fmedia&parent=3866"}],"wp:term":[{"taxonomy":"category","embeddable":true,"href":"https:\/\/anadotto.com.br\/blog\/index.php?rest_route=%2Fwp%2Fv2%2Fcategories&post=3866"},{"taxonomy":"post_tag","embeddable":true,"href":"https:\/\/anadotto.com.br\/blog\/index.php?rest_route=%2Fwp%2Fv2%2Ftags&post=3866"}],"curies":[{"name":"wp","href":"https:\/\/api.w.org\/{rel}","templated":true}]}}