{"id":3774,"date":"2022-07-14T13:30:43","date_gmt":"2022-07-14T16:30:43","guid":{"rendered":"http:\/\/anadotto.com.br\/blog\/?p=3774"},"modified":"2022-07-14T13:30:43","modified_gmt":"2022-07-14T16:30:43","slug":"veronica-delazzeri-todero","status":"publish","type":"post","link":"https:\/\/anadotto.com.br\/blog\/?p=3774","title":{"rendered":"Ver\u00f4nica Delazzeri Todero"},"content":{"rendered":"\n<p>Ver\u00f4nica estava na ch\u00e1cara da fam\u00edlia do namorado, Matheus Elias Todero, para curtir o que o campo tem de melhor: a tranquilidade.<\/p>\n\n\n\n<p>Ela esperava um dia como qualquer outro, s\u00f3 n\u00e3o contava que Matheus tivesse um plano. Ele a levou para um lugar onde pudessem ficar a s\u00f3s e prop\u00f4s que os dois plantassem uma \u00e1rvores juntos. Ver\u00f4nica, em um primeiro momento, foi surpreendida com o pedido, mas entendeu logo depois.<\/p>\n\n\n\n<p>\u201cEle disse que queria plantar uma \u00e1rvore para marcar os momentos importantes da nossa rela\u00e7\u00e3o. Que queria semear, regar e cuidar dela, assim como ele desejava fazer com o nosso relacionamento para sempre.\u201d<\/p>\n\n\n\n<p>O inesperado momento tinha um objetivo: Matheus queria pedir Ver\u00f4nica em <a href=\"http:\/\/anadotto.com.br\/blog\/as-estacoes-para-cada-casamento\/\" data-type=\"URL\" data-id=\"http:\/\/anadotto.com.br\/blog\/as-estacoes-para-cada-casamento\/\" target=\"_blank\" rel=\"noreferrer noopener\">casamento<\/a>. E assim o fez\u2026<\/p>\n\n\n\n<p>H\u00e1 nove anos, ela nem imaginava que seu pedido de casamento seria dessa forma. Em 2013, Ver\u00f4nica ainda curtia a vida de solteira nas festas de Caxias do Sul. O tradicional Havana era um dos points da cidade, onde, em uma noite, ela resolveu ir com a amiga e o irm\u00e3o.<\/p>\n\n\n\n<p>Ver\u00f4nica n\u00e3o estava muito afim de sair. A amiga ia estar acompanhada do namorado e o resto do pessoal n\u00e3o era muito conhecido. O irm\u00e3o, por\u00e9m, a animou bastante para a festa.<\/p>\n\n\n\n<p>\u201cEst\u00e1vamos eu e o Matheus no mesmo \u2018aquece\u2019 para o Havana, com esses amigos em comum. Acho que ali nem nos olhamos. Fomos para festa e, em uma certa altura, fui falar com ele sobre uma menina que eu achava que estava dando em cima dele na balada. Ele perguntou se eu me importava\u2026 Nem soube o que falar, fiquei envergonhada!\u201d<\/p>\n\n\n\n<p>Assim come\u00e7ou a hist\u00f3ria de Matheus e Ver\u00f4nica, que s\u00f3 foi oficializada em um show do Gabriel O Pensador, quatro meses depois do primeiro encontro.<\/p>\n\n\n\n<p>Entre idas e vindas, o namoro se transformou em noivado no dia 4 de maio de 2019. A ideia era que se casassem em outubro de 2020, s\u00f3 que a pandemia pausou o plano dos dois.\u00a0<\/p>\n\n\n\n<p>Ver\u00f4nica, mesmo assim, j\u00e1 estava atr\u00e1s do <a href=\"http:\/\/anadotto.com.br\/blog\/os-13-melhores-vestidos-de-noiva-do-cinema\/\" data-type=\"URL\" data-id=\"http:\/\/anadotto.com.br\/blog\/os-13-melhores-vestidos-de-noiva-do-cinema\/\" target=\"_blank\" rel=\"noreferrer noopener\">vestido de noiva<\/a>. A <a href=\"http:\/\/anadotto.com.br\/\" data-type=\"URL\" data-id=\"http:\/\/anadotto.com.br\/\" target=\"_blank\" rel=\"noreferrer noopener\">Ana Dotto Atelier<\/a> surgiu por indica\u00e7\u00f5es de outras amigas. A certeza veio quando ela acompanhou a prova do traje de uma delas e se encantou com o trabalho da <a href=\"https:\/\/www.instagram.com\/anadottoatelier\/\" data-type=\"URL\" data-id=\"https:\/\/www.instagram.com\/anadottoatelier\/\" target=\"_blank\" rel=\"noreferrer noopener\">Ana<\/a>.<\/p>\n\n\n\n<p>\u201cNem pensei em alugar ou ver vestidos em outro lugar para mandar fazer. Eu amo que a Ana sonha junto com a gente!\u201d<\/p>\n\n\n\n<p>Ver\u00f4nica queria um vestido minimalista, que tivesse alguns detalhes para torn\u00e1-lo marcante. O pedido foi por um traje modelo sereia, com uma proposta de renda.<\/p>\n\n\n\n<p>\u201cLembro que, no Natal de 2019, recebi o croqui dela pelo correio, com uma mensagem natalina. Coisa mais amada! A Ana acertou em cada detalhe.\u201d<\/p>\n\n\n\n<p>Com o vestido encaminhado, Ver\u00f4nica precisava escolher uma nova data para o casamento. O dia escolhido: 4 de dezembro de 2021. O que era para ser nem um ano de noivado se transformou em um pouco mais de dois anos.<\/p>\n\n\n\n<p>A cerim\u00f4nia ocorreu no Sky Samuara Hotel, em Caxias do Sul. Ver\u00f4nica lembra que queria muito a presen\u00e7a da Amora, a cachorrinha do casal. S\u00f3 que seria complicado algu\u00e9m cuidar da pet em meio \u00e0 cerim\u00f4nia.<\/p>\n\n\n\n<p>A\u00ed a surpresa aconteceu\u2026<\/p>\n\n\n\n<p>\u201cMinha tia se ofereceu para cuidar dela durante o dia (mal sab\u00edamos n\u00f3s que ela j\u00e1 tinha combinado tudo e que a Amora iria para festa). A Amora foi com uma roupinha de noiva, do mesmo tecido do meu vestido.\u201d<\/p>\n\n\n\n<figure class=\"wp-block-image size-full is-resized\"><img decoding=\"async\" loading=\"lazy\" src=\"http:\/\/anadotto.com.br\/blog\/wp-content\/uploads\/2022\/07\/FOTO-1.jpeg\" alt=\"\" class=\"wp-image-3776\" width=\"602\" height=\"401\" srcset=\"https:\/\/anadotto.com.br\/blog\/wp-content\/uploads\/2022\/07\/FOTO-1.jpeg 1024w, https:\/\/anadotto.com.br\/blog\/wp-content\/uploads\/2022\/07\/FOTO-1-300x200.jpeg 300w, https:\/\/anadotto.com.br\/blog\/wp-content\/uploads\/2022\/07\/FOTO-1-768x512.jpeg 768w, https:\/\/anadotto.com.br\/blog\/wp-content\/uploads\/2022\/07\/FOTO-1-344x229.jpeg 344w, https:\/\/anadotto.com.br\/blog\/wp-content\/uploads\/2022\/07\/FOTO-1-688x458.jpeg 688w, https:\/\/anadotto.com.br\/blog\/wp-content\/uploads\/2022\/07\/FOTO-1-728x485.jpeg 728w, https:\/\/anadotto.com.br\/blog\/wp-content\/uploads\/2022\/07\/FOTO-1-516x344.jpeg 516w\" sizes=\"(max-width: 602px) 100vw, 602px\" \/><\/figure>\n\n\n\n<figure class=\"wp-block-image size-full is-resized\"><img decoding=\"async\" src=\"http:\/\/anadotto.com.br\/blog\/wp-content\/uploads\/2022\/07\/foto-2.jpeg\" alt=\"\" class=\"wp-image-3777\" width=\"602\" srcset=\"https:\/\/anadotto.com.br\/blog\/wp-content\/uploads\/2022\/07\/foto-2.jpeg 1024w, https:\/\/anadotto.com.br\/blog\/wp-content\/uploads\/2022\/07\/foto-2-300x200.jpeg 300w, https:\/\/anadotto.com.br\/blog\/wp-content\/uploads\/2022\/07\/foto-2-768x512.jpeg 768w, https:\/\/anadotto.com.br\/blog\/wp-content\/uploads\/2022\/07\/foto-2-344x229.jpeg 344w, https:\/\/anadotto.com.br\/blog\/wp-content\/uploads\/2022\/07\/foto-2-688x458.jpeg 688w, https:\/\/anadotto.com.br\/blog\/wp-content\/uploads\/2022\/07\/foto-2-728x485.jpeg 728w, https:\/\/anadotto.com.br\/blog\/wp-content\/uploads\/2022\/07\/foto-2-516x344.jpeg 516w\" sizes=\"(max-width: 1024px) 100vw, 1024px\" \/><\/figure>\n\n\n\n<figure class=\"wp-block-image size-large is-resized\"><img decoding=\"async\" src=\"http:\/\/anadotto.com.br\/blog\/wp-content\/uploads\/2022\/07\/FOTO-3-1024x682.jpeg\" alt=\"\" class=\"wp-image-3778\" width=\"602\" srcset=\"https:\/\/anadotto.com.br\/blog\/wp-content\/uploads\/2022\/07\/FOTO-3-1024x682.jpeg 1024w, https:\/\/anadotto.com.br\/blog\/wp-content\/uploads\/2022\/07\/FOTO-3-300x200.jpeg 300w, https:\/\/anadotto.com.br\/blog\/wp-content\/uploads\/2022\/07\/FOTO-3-768x512.jpeg 768w, https:\/\/anadotto.com.br\/blog\/wp-content\/uploads\/2022\/07\/FOTO-3-1536x1023.jpeg 1536w, https:\/\/anadotto.com.br\/blog\/wp-content\/uploads\/2022\/07\/FOTO-3-344x229.jpeg 344w, https:\/\/anadotto.com.br\/blog\/wp-content\/uploads\/2022\/07\/FOTO-3-688x458.jpeg 688w, https:\/\/anadotto.com.br\/blog\/wp-content\/uploads\/2022\/07\/FOTO-3-1112x741.jpeg 1112w, https:\/\/anadotto.com.br\/blog\/wp-content\/uploads\/2022\/07\/FOTO-3-728x485.jpeg 728w, https:\/\/anadotto.com.br\/blog\/wp-content\/uploads\/2022\/07\/FOTO-3-1456x970.jpeg 1456w, https:\/\/anadotto.com.br\/blog\/wp-content\/uploads\/2022\/07\/FOTO-3-516x344.jpeg 516w, https:\/\/anadotto.com.br\/blog\/wp-content\/uploads\/2022\/07\/FOTO-3-1032x688.jpeg 1032w, https:\/\/anadotto.com.br\/blog\/wp-content\/uploads\/2022\/07\/FOTO-3.jpeg 1600w\" sizes=\"(max-width: 1024px) 100vw, 1024px\" \/><\/figure>\n\n\n\n<figure class=\"wp-block-image size-large is-resized\"><img decoding=\"async\" src=\"http:\/\/anadotto.com.br\/blog\/wp-content\/uploads\/2022\/07\/FOTO-4-1024x682.jpeg\" alt=\"\" class=\"wp-image-3779\" width=\"602\" srcset=\"https:\/\/anadotto.com.br\/blog\/wp-content\/uploads\/2022\/07\/FOTO-4-1024x682.jpeg 1024w, https:\/\/anadotto.com.br\/blog\/wp-content\/uploads\/2022\/07\/FOTO-4-300x200.jpeg 300w, https:\/\/anadotto.com.br\/blog\/wp-content\/uploads\/2022\/07\/FOTO-4-768x512.jpeg 768w, https:\/\/anadotto.com.br\/blog\/wp-content\/uploads\/2022\/07\/FOTO-4-1536x1023.jpeg 1536w, https:\/\/anadotto.com.br\/blog\/wp-content\/uploads\/2022\/07\/FOTO-4-344x229.jpeg 344w, https:\/\/anadotto.com.br\/blog\/wp-content\/uploads\/2022\/07\/FOTO-4-688x458.jpeg 688w, https:\/\/anadotto.com.br\/blog\/wp-content\/uploads\/2022\/07\/FOTO-4-1112x741.jpeg 1112w, https:\/\/anadotto.com.br\/blog\/wp-content\/uploads\/2022\/07\/FOTO-4-728x485.jpeg 728w, https:\/\/anadotto.com.br\/blog\/wp-content\/uploads\/2022\/07\/FOTO-4-1456x970.jpeg 1456w, https:\/\/anadotto.com.br\/blog\/wp-content\/uploads\/2022\/07\/FOTO-4-516x344.jpeg 516w, https:\/\/anadotto.com.br\/blog\/wp-content\/uploads\/2022\/07\/FOTO-4-1032x688.jpeg 1032w, https:\/\/anadotto.com.br\/blog\/wp-content\/uploads\/2022\/07\/FOTO-4.jpeg 1600w\" sizes=\"(max-width: 1024px) 100vw, 1024px\" \/><\/figure>\n\n\n\n<figure class=\"wp-block-image size-large is-resized\"><img decoding=\"async\" src=\"http:\/\/anadotto.com.br\/blog\/wp-content\/uploads\/2022\/07\/FOTO-5-1024x682.jpeg\" alt=\"\" class=\"wp-image-3780\" width=\"602\" srcset=\"https:\/\/anadotto.com.br\/blog\/wp-content\/uploads\/2022\/07\/FOTO-5-1024x682.jpeg 1024w, https:\/\/anadotto.com.br\/blog\/wp-content\/uploads\/2022\/07\/FOTO-5-300x200.jpeg 300w, https:\/\/anadotto.com.br\/blog\/wp-content\/uploads\/2022\/07\/FOTO-5-768x512.jpeg 768w, https:\/\/anadotto.com.br\/blog\/wp-content\/uploads\/2022\/07\/FOTO-5-1536x1023.jpeg 1536w, https:\/\/anadotto.com.br\/blog\/wp-content\/uploads\/2022\/07\/FOTO-5-344x229.jpeg 344w, https:\/\/anadotto.com.br\/blog\/wp-content\/uploads\/2022\/07\/FOTO-5-688x458.jpeg 688w, https:\/\/anadotto.com.br\/blog\/wp-content\/uploads\/2022\/07\/FOTO-5-1112x741.jpeg 1112w, https:\/\/anadotto.com.br\/blog\/wp-content\/uploads\/2022\/07\/FOTO-5-728x485.jpeg 728w, https:\/\/anadotto.com.br\/blog\/wp-content\/uploads\/2022\/07\/FOTO-5-1456x970.jpeg 1456w, https:\/\/anadotto.com.br\/blog\/wp-content\/uploads\/2022\/07\/FOTO-5-516x344.jpeg 516w, https:\/\/anadotto.com.br\/blog\/wp-content\/uploads\/2022\/07\/FOTO-5-1032x688.jpeg 1032w, https:\/\/anadotto.com.br\/blog\/wp-content\/uploads\/2022\/07\/FOTO-5.jpeg 1600w\" sizes=\"(max-width: 1024px) 100vw, 1024px\" \/><\/figure>\n","protected":false},"excerpt":{"rendered":"<p>Ver\u00f4nica estava na ch\u00e1cara da fam\u00edlia do namorado, Matheus Elias Todero, para curtir o que o campo tem de melhor: a tranquilidade. Ela esperava um dia como qualquer outro, s\u00f3 n\u00e3o contava que Matheus tivesse um plano. Ele a levou para um lugar onde pudessem ficar a s\u00f3s e prop\u00f4s que os dois plantassem uma [&hellip;]<\/p>\n","protected":false},"author":1,"featured_media":3775,"comment_status":"open","ping_status":"open","sticky":false,"template":"","format":"standard","meta":[],"categories":[129],"tags":[143,136,150,177,147,133,155,175,186],"_links":{"self":[{"href":"https:\/\/anadotto.com.br\/blog\/index.php?rest_route=\/wp\/v2\/posts\/3774"}],"collection":[{"href":"https:\/\/anadotto.com.br\/blog\/index.php?rest_route=\/wp\/v2\/posts"}],"about":[{"href":"https:\/\/anadotto.com.br\/blog\/index.php?rest_route=\/wp\/v2\/types\/post"}],"author":[{"embeddable":true,"href":"https:\/\/anadotto.com.br\/blog\/index.php?rest_route=\/wp\/v2\/users\/1"}],"replies":[{"embeddable":true,"href":"https:\/\/anadotto.com.br\/blog\/index.php?rest_route=%2Fwp%2Fv2%2Fcomments&post=3774"}],"version-history":[{"count":1,"href":"https:\/\/anadotto.com.br\/blog\/index.php?rest_route=\/wp\/v2\/posts\/3774\/revisions"}],"predecessor-version":[{"id":3781,"href":"https:\/\/anadotto.com.br\/blog\/index.php?rest_route=\/wp\/v2\/posts\/3774\/revisions\/3781"}],"wp:featuredmedia":[{"embeddable":true,"href":"https:\/\/anadotto.com.br\/blog\/index.php?rest_route=\/wp\/v2\/media\/3775"}],"wp:attachment":[{"href":"https:\/\/anadotto.com.br\/blog\/index.php?rest_route=%2Fwp%2Fv2%2Fmedia&parent=3774"}],"wp:term":[{"taxonomy":"category","embeddable":true,"href":"https:\/\/anadotto.com.br\/blog\/index.php?rest_route=%2Fwp%2Fv2%2Fcategories&post=3774"},{"taxonomy":"post_tag","embeddable":true,"href":"https:\/\/anadotto.com.br\/blog\/index.php?rest_route=%2Fwp%2Fv2%2Ftags&post=3774"}],"curies":[{"name":"wp","href":"https:\/\/api.w.org\/{rel}","templated":true}]}}