{"id":3677,"date":"2022-04-18T09:02:01","date_gmt":"2022-04-18T12:02:01","guid":{"rendered":"http:\/\/anadotto.com.br\/blog\/?p=3677"},"modified":"2022-04-18T09:02:02","modified_gmt":"2022-04-18T12:02:02","slug":"betina-crossetti-vaucher-da-cunha","status":"publish","type":"post","link":"https:\/\/anadotto.com.br\/blog\/?p=3677","title":{"rendered":"Betina Crossetti Vaucher da Cunha"},"content":{"rendered":"\n<p>Sabe aquela frase \u201cdist\u00e2ncia nenhuma far\u00e1 eu desistir de voc\u00ea\u201d, que parece tirada de <a href=\"http:\/\/anadotto.com.br\/blog\/os-13-melhores-vestidos-de-noiva-do-cinema\/\" data-type=\"URL\" data-id=\"http:\/\/anadotto.com.br\/blog\/os-13-melhores-vestidos-de-noiva-do-cinema\/\" target=\"_blank\" rel=\"noreferrer noopener\">filmes hollywoodianos<\/a> sobre hist\u00f3ria de amor? Pois \u00e9, ela virou realidade na vida de Betina Crossetti Vaucher da Cunha e Jo\u00e3o Pedro Rolim da Cunha.<\/p>\n\n\n\n<p>Tudo come\u00e7ou em um feriado de Nossa Senhora dos Navegantes, em Cap\u00e3o da Canoa, no ano de 2018. Os dois j\u00e1 se conheciam de alguns anos antes, ent\u00e3o, juntaram uma turma de amigos para passar o feriad\u00e3o na praia. Era para ser uma divers\u00e3o entre a galera, s\u00f3 que n\u00e3o contavam com o clima rom\u00e2ntico que uma beira-mar pode dar. E foi assim que aconteceu o primeiro beijo, em frente as \u00e1guas do mar. Eles passaram o fim de semana\u00a0 juntos, mas, todo come\u00e7o sempre tem um fim. Precisavam ir embora para trabalhar na segunda-feira, mas sabiam que n\u00e3o era s\u00f3 um romance de final de semana e que queriam continuar. S\u00f3 que havia um obst\u00e1culo: Betina morava em Santa Maria e Jo\u00e3o em Rio Grande.\u00a0<\/p>\n\n\n\n<p>Ou seja, ambos estavam a uma dist\u00e2ncia de cerca de 350 quil\u00f4metros!\u00a0<\/p>\n\n\n\n<p>\u201cEra dif\u00edcil, mas n\u00e3o era imposs\u00edvel. Ficamos trocando mensagens e conversando o tempo todo. Quem nos via com o celular na m\u00e3o, flagrava aquele sorriso torto, de quem j\u00e1 est\u00e1 apaixonado. E foi assim que, no in\u00edcio de mar\u00e7o, ele me convidou para acompanh\u00e1-lo na formatura de um amigo. E eu fui! Assim, surgiu n\u00f3s dois.\u201d<\/p>\n\n\n\n<p>Iniciado o namoro, o relacionamento deles foi marcado pela dist\u00e2ncia. Com pouco mais de meio ano, Betina decidiu deixar o Brasil e se mudar para Barcelona. Jo\u00e3o apoiou incondicionalmente a decis\u00e3o dela. A diferen\u00e7a no fuso hor\u00e1rio de 4 horas n\u00e3o impediu que a hist\u00f3ria deles continuasse.\u00a0 At\u00e9 que um dia, Jo\u00e3o desembarcou em terras europeias.<\/p>\n\n\n\n<p>\u201cLembro do momento em que ele chegou em Barcelona. Rolou aquela cena de filme, onde eu esperava ele no aeroporto. Ele saiu do desembarque e eu estava ali. Ficamos abra\u00e7ados por uns 5 minutos, sem falar nada. Nesse momento, pensamos que \u00e9ramos o amor da vida um do outro.\u201d<\/p>\n\n\n\n<p>Com esse roteiro, \u00e9 claro que teve um pedido de casamento. Eles noivaram no dia 20 de novembro de 2019. A ideia era casar em abril de 2021, mas, com a pandemia, a data foi remarcada para este ano.<\/p>\n\n\n\n<p>Neste momento entra a <a href=\"http:\/\/anadotto.com.br\/\" data-type=\"URL\" data-id=\"http:\/\/anadotto.com.br\/\" target=\"_blank\" rel=\"noreferrer noopener\">Ana Dotto Atelier<\/a>. Betina sempre ouviu falar bem dos vestidos dela e queria ver nascer pouco a pouco o seu traje ideal. A veste precisava mostrar a personalidade dela e encontrou na <a href=\"https:\/\/www.facebook.com\/anadottoatelier\" data-type=\"URL\" data-id=\"https:\/\/www.facebook.com\/anadottoatelier\" target=\"_blank\" rel=\"noreferrer noopener\">Ana<\/a> uma parceira para montar o vestido dos sonhos.<\/p>\n\n\n\n<p>\u201cEla fez um modelo leve, com uma renda moderadamente bordada e com tule po\u00e1. O busto foi drapeado com barbatanas. A saia (perfeita por sinal), levava flores em 3D, confeccionada pela av\u00f3 da <a rel=\"noreferrer noopener\" href=\"https:\/\/www.instagram.com\/anadottoatelier\/\" data-type=\"URL\" data-id=\"https:\/\/www.instagram.com\/anadottoatelier\/\" target=\"_blank\">Ana<\/a>! O longo <a rel=\"noreferrer noopener\" href=\"http:\/\/anadotto.com.br\/blog\/veu-a-noiva-precisa-usar\/\" data-type=\"URL\" data-id=\"http:\/\/anadotto.com.br\/blog\/veu-a-noiva-precisa-usar\/\" target=\"_blank\">v\u00e9u<\/a> recebeu um toque muito especial. Ele levava o nosso monograma e mais flores aplicadas. Perfei\u00e7\u00e3o!\u201d<\/p>\n\n\n\n<p>Feito o vestido, veio o casamento. Os dois escolheram oficializar a rela\u00e7\u00e3o na Igreja Nossa Senhora das Dores e a celebra\u00e7\u00e3o foi realizada no Hotel Palace Itamb\u00e9, em Santa Maria. A singularidade do cas\u00f3rio ficou por conta do padre Xico, que transmitiu uma mensagem que Betina e Jo\u00e3o levam para a vida: N\u00e3o existe mais a palavra \u201ceu\u201d, apenas \u201cn\u00f3s\u201d.<\/p>\n\n\n\n<p>\u201cNosso encontro no altar foi como paralisar o tempo. N\u00f3s s\u00f3 enxerg\u00e1vamos n\u00f3s dois. Todo o nervosismo acabou quando pegamos na m\u00e3o um do outro. Sentimos um amor e uma energia surreal.\u201d<\/p>\n\n\n\n<p>Betina acredita que o casamento significa a uni\u00e3o de duas fam\u00edlias, prontas para formar outra.<\/p>\n\n\n\n<p>\u201cCasar n\u00e3o \u00e9 se aventurar e nem dar um \u2018tiro no escuro\u2019, mas sim, um projeto s\u00e9rio de vida, onde cada um est\u00e1 comprometido em fazer o outro crescer, e ser melhor a cada dia.\u201d<\/p>\n\n\n\n<figure class=\"wp-block-image size-large is-resized\"><img decoding=\"async\" loading=\"lazy\" src=\"http:\/\/anadotto.com.br\/blog\/wp-content\/uploads\/2022\/04\/FOTO-1-1-576x1024.jpeg\" alt=\"\" class=\"wp-image-3678\" width=\"430\" height=\"765\" srcset=\"https:\/\/anadotto.com.br\/blog\/wp-content\/uploads\/2022\/04\/FOTO-1-1-576x1024.jpeg 576w, https:\/\/anadotto.com.br\/blog\/wp-content\/uploads\/2022\/04\/FOTO-1-1-169x300.jpeg 169w, https:\/\/anadotto.com.br\/blog\/wp-content\/uploads\/2022\/04\/FOTO-1-1-768x1365.jpeg 768w, https:\/\/anadotto.com.br\/blog\/wp-content\/uploads\/2022\/04\/FOTO-1-1-864x1536.jpeg 864w, https:\/\/anadotto.com.br\/blog\/wp-content\/uploads\/2022\/04\/FOTO-1-1-344x612.jpeg 344w, https:\/\/anadotto.com.br\/blog\/wp-content\/uploads\/2022\/04\/FOTO-1-1-688x1223.jpeg 688w, https:\/\/anadotto.com.br\/blog\/wp-content\/uploads\/2022\/04\/FOTO-1-1-728x1294.jpeg 728w, https:\/\/anadotto.com.br\/blog\/wp-content\/uploads\/2022\/04\/FOTO-1-1-516x917.jpeg 516w, https:\/\/anadotto.com.br\/blog\/wp-content\/uploads\/2022\/04\/FOTO-1-1.jpeg 900w\" sizes=\"(max-width: 430px) 100vw, 430px\" \/><\/figure>\n\n\n\n<figure class=\"wp-block-image size-large is-resized\"><img decoding=\"async\" loading=\"lazy\" src=\"http:\/\/anadotto.com.br\/blog\/wp-content\/uploads\/2022\/04\/FOTO-2-1-820x1024.jpeg\" alt=\"\" class=\"wp-image-3679\" width=\"429\" height=\"536\" srcset=\"https:\/\/anadotto.com.br\/blog\/wp-content\/uploads\/2022\/04\/FOTO-2-1-820x1024.jpeg 820w, https:\/\/anadotto.com.br\/blog\/wp-content\/uploads\/2022\/04\/FOTO-2-1-240x300.jpeg 240w, https:\/\/anadotto.com.br\/blog\/wp-content\/uploads\/2022\/04\/FOTO-2-1-768x959.jpeg 768w, https:\/\/anadotto.com.br\/blog\/wp-content\/uploads\/2022\/04\/FOTO-2-1-344x430.jpeg 344w, https:\/\/anadotto.com.br\/blog\/wp-content\/uploads\/2022\/04\/FOTO-2-1-688x859.jpeg 688w, https:\/\/anadotto.com.br\/blog\/wp-content\/uploads\/2022\/04\/FOTO-2-1-728x909.jpeg 728w, https:\/\/anadotto.com.br\/blog\/wp-content\/uploads\/2022\/04\/FOTO-2-1-516x644.jpeg 516w, https:\/\/anadotto.com.br\/blog\/wp-content\/uploads\/2022\/04\/FOTO-2-1.jpeg 828w\" sizes=\"(max-width: 429px) 100vw, 429px\" \/><\/figure>\n\n\n\n<figure class=\"wp-block-image size-large is-resized\"><img decoding=\"async\" loading=\"lazy\" src=\"http:\/\/anadotto.com.br\/blog\/wp-content\/uploads\/2022\/04\/FOTO-3-1-826x1024.jpeg\" alt=\"\" class=\"wp-image-3680\" width=\"429\" height=\"532\" srcset=\"https:\/\/anadotto.com.br\/blog\/wp-content\/uploads\/2022\/04\/FOTO-3-1-826x1024.jpeg 826w, https:\/\/anadotto.com.br\/blog\/wp-content\/uploads\/2022\/04\/FOTO-3-1-242x300.jpeg 242w, https:\/\/anadotto.com.br\/blog\/wp-content\/uploads\/2022\/04\/FOTO-3-1-768x952.jpeg 768w, https:\/\/anadotto.com.br\/blog\/wp-content\/uploads\/2022\/04\/FOTO-3-1-344x426.jpeg 344w, https:\/\/anadotto.com.br\/blog\/wp-content\/uploads\/2022\/04\/FOTO-3-1-688x853.jpeg 688w, https:\/\/anadotto.com.br\/blog\/wp-content\/uploads\/2022\/04\/FOTO-3-1-728x902.jpeg 728w, https:\/\/anadotto.com.br\/blog\/wp-content\/uploads\/2022\/04\/FOTO-3-1-516x639.jpeg 516w, https:\/\/anadotto.com.br\/blog\/wp-content\/uploads\/2022\/04\/FOTO-3-1.jpeg 828w\" sizes=\"(max-width: 429px) 100vw, 429px\" \/><\/figure>\n\n\n\n<figure class=\"wp-block-image size-full is-resized\"><img decoding=\"async\" loading=\"lazy\" src=\"http:\/\/anadotto.com.br\/blog\/wp-content\/uploads\/2022\/04\/FOTO-4-1.jpeg\" alt=\"\" class=\"wp-image-3681\" width=\"431\" height=\"534\" srcset=\"https:\/\/anadotto.com.br\/blog\/wp-content\/uploads\/2022\/04\/FOTO-4-1.jpeg 828w, https:\/\/anadotto.com.br\/blog\/wp-content\/uploads\/2022\/04\/FOTO-4-1-242x300.jpeg 242w, https:\/\/anadotto.com.br\/blog\/wp-content\/uploads\/2022\/04\/FOTO-4-1-768x951.jpeg 768w, https:\/\/anadotto.com.br\/blog\/wp-content\/uploads\/2022\/04\/FOTO-4-1-344x426.jpeg 344w, https:\/\/anadotto.com.br\/blog\/wp-content\/uploads\/2022\/04\/FOTO-4-1-688x852.jpeg 688w, https:\/\/anadotto.com.br\/blog\/wp-content\/uploads\/2022\/04\/FOTO-4-1-728x901.jpeg 728w, https:\/\/anadotto.com.br\/blog\/wp-content\/uploads\/2022\/04\/FOTO-4-1-516x639.jpeg 516w\" sizes=\"(max-width: 431px) 100vw, 431px\" \/><\/figure>\n","protected":false},"excerpt":{"rendered":"<p>Sabe aquela frase \u201cdist\u00e2ncia nenhuma far\u00e1 eu desistir de voc\u00ea\u201d, que parece tirada de filmes hollywoodianos sobre hist\u00f3ria de amor? Pois \u00e9, ela virou realidade na vida de Betina Crossetti Vaucher da Cunha e Jo\u00e3o Pedro Rolim da Cunha. Tudo come\u00e7ou em um feriado de Nossa Senhora dos Navegantes, em Cap\u00e3o da Canoa, no ano [&hellip;]<\/p>\n","protected":false},"author":1,"featured_media":3679,"comment_status":"open","ping_status":"open","sticky":false,"template":"","format":"standard","meta":[],"categories":[129],"tags":[176,189,166,150,177,147,191,133,155,186],"_links":{"self":[{"href":"https:\/\/anadotto.com.br\/blog\/index.php?rest_route=\/wp\/v2\/posts\/3677"}],"collection":[{"href":"https:\/\/anadotto.com.br\/blog\/index.php?rest_route=\/wp\/v2\/posts"}],"about":[{"href":"https:\/\/anadotto.com.br\/blog\/index.php?rest_route=\/wp\/v2\/types\/post"}],"author":[{"embeddable":true,"href":"https:\/\/anadotto.com.br\/blog\/index.php?rest_route=\/wp\/v2\/users\/1"}],"replies":[{"embeddable":true,"href":"https:\/\/anadotto.com.br\/blog\/index.php?rest_route=%2Fwp%2Fv2%2Fcomments&post=3677"}],"version-history":[{"count":1,"href":"https:\/\/anadotto.com.br\/blog\/index.php?rest_route=\/wp\/v2\/posts\/3677\/revisions"}],"predecessor-version":[{"id":3686,"href":"https:\/\/anadotto.com.br\/blog\/index.php?rest_route=\/wp\/v2\/posts\/3677\/revisions\/3686"}],"wp:featuredmedia":[{"embeddable":true,"href":"https:\/\/anadotto.com.br\/blog\/index.php?rest_route=\/wp\/v2\/media\/3679"}],"wp:attachment":[{"href":"https:\/\/anadotto.com.br\/blog\/index.php?rest_route=%2Fwp%2Fv2%2Fmedia&parent=3677"}],"wp:term":[{"taxonomy":"category","embeddable":true,"href":"https:\/\/anadotto.com.br\/blog\/index.php?rest_route=%2Fwp%2Fv2%2Fcategories&post=3677"},{"taxonomy":"post_tag","embeddable":true,"href":"https:\/\/anadotto.com.br\/blog\/index.php?rest_route=%2Fwp%2Fv2%2Ftags&post=3677"}],"curies":[{"name":"wp","href":"https:\/\/api.w.org\/{rel}","templated":true}]}}