{"id":2677,"date":"2019-04-29T13:42:44","date_gmt":"2019-04-29T16:42:44","guid":{"rendered":"http:\/\/anadotto.com.br\/blog\/?p=2677"},"modified":"2019-04-29T13:42:45","modified_gmt":"2019-04-29T16:42:45","slug":"ivone-zanrosso","status":"publish","type":"post","link":"https:\/\/anadotto.com.br\/blog\/?p=2677","title":{"rendered":"Ivone Zanrosso"},"content":{"rendered":"\n<p>O vestido de Ivone Zanrosso para o casamento da filha, em setembro de 2018, no Altos do Vale, combinava tons de prata, cinza e azul. O modelo era de mangas 3\/4 e bordados concentrados na parte de cima. <\/p>\n\n\n\n<p>\u201cEu tinha uma ideia de vestido quando cheguei no atelier e a gente construiu junto\u201d, conta Ivone. \u201cDescobri os vestidos da Ana Dotto depois de um evento de moda por l\u00e1. Foi muito legal! Ela foi super, hiper, mega atenciosa. Querida com a gente, disposta a mudar se precisava, nunca tentou impor nada. Uma pessoa, quando pensa no vestido, idealiza ele. E depois quer que algu\u00e9m idealize junto. E foi o que aconteceu. Ela foi super aberta, se tu n\u00e3o gostava de algo, ela dizia que n\u00e3o tinha n\u00e3o tem problemas, n\u00e3o era o que ela gostava era o que eu gostava. E todas as meninas do atelier, mega queridas e atenciosas. Sempre prontas. A Ana, uma gra\u00e7a de menina! Minha idealiza\u00e7\u00e3o do vestido era outra, mas eu acabei gostando mais ainda do que havia imaginado.\u201d <br><\/p>\n\n\n\n<figure class=\"wp-block-image\"><img decoding=\"async\" loading=\"lazy\" width=\"1024\" height=\"682\" src=\"http:\/\/anadotto.com.br\/blog\/wp-content\/uploads\/2019\/04\/WhatsApp-Image-2019-04-26-at-09.12.21-1-1024x682.jpeg\" alt=\"\" class=\"wp-image-2679\" srcset=\"https:\/\/anadotto.com.br\/blog\/wp-content\/uploads\/2019\/04\/WhatsApp-Image-2019-04-26-at-09.12.21-1.jpeg 1024w, https:\/\/anadotto.com.br\/blog\/wp-content\/uploads\/2019\/04\/WhatsApp-Image-2019-04-26-at-09.12.21-1-300x200.jpeg 300w, https:\/\/anadotto.com.br\/blog\/wp-content\/uploads\/2019\/04\/WhatsApp-Image-2019-04-26-at-09.12.21-1-768x512.jpeg 768w, https:\/\/anadotto.com.br\/blog\/wp-content\/uploads\/2019\/04\/WhatsApp-Image-2019-04-26-at-09.12.21-1-344x229.jpeg 344w, https:\/\/anadotto.com.br\/blog\/wp-content\/uploads\/2019\/04\/WhatsApp-Image-2019-04-26-at-09.12.21-1-688x458.jpeg 688w, https:\/\/anadotto.com.br\/blog\/wp-content\/uploads\/2019\/04\/WhatsApp-Image-2019-04-26-at-09.12.21-1-728x485.jpeg 728w, https:\/\/anadotto.com.br\/blog\/wp-content\/uploads\/2019\/04\/WhatsApp-Image-2019-04-26-at-09.12.21-1-516x344.jpeg 516w, https:\/\/anadotto.com.br\/blog\/wp-content\/uploads\/2019\/04\/WhatsApp-Image-2019-04-26-at-09.12.21-1-72x48.jpeg 72w, https:\/\/anadotto.com.br\/blog\/wp-content\/uploads\/2019\/04\/WhatsApp-Image-2019-04-26-at-09.12.21-1-144x96.jpeg 144w\" sizes=\"(max-width: 1024px) 100vw, 1024px\" \/><\/figure>\n\n\n\n<figure class=\"wp-block-image\"><img decoding=\"async\" loading=\"lazy\" width=\"1024\" height=\"682\" src=\"http:\/\/anadotto.com.br\/blog\/wp-content\/uploads\/2019\/04\/WhatsApp-Image-2019-04-26-at-09.12.21-1024x682.jpeg\" alt=\"\" class=\"wp-image-2680\" srcset=\"https:\/\/anadotto.com.br\/blog\/wp-content\/uploads\/2019\/04\/WhatsApp-Image-2019-04-26-at-09.12.21.jpeg 1024w, https:\/\/anadotto.com.br\/blog\/wp-content\/uploads\/2019\/04\/WhatsApp-Image-2019-04-26-at-09.12.21-300x200.jpeg 300w, https:\/\/anadotto.com.br\/blog\/wp-content\/uploads\/2019\/04\/WhatsApp-Image-2019-04-26-at-09.12.21-768x512.jpeg 768w, https:\/\/anadotto.com.br\/blog\/wp-content\/uploads\/2019\/04\/WhatsApp-Image-2019-04-26-at-09.12.21-344x229.jpeg 344w, https:\/\/anadotto.com.br\/blog\/wp-content\/uploads\/2019\/04\/WhatsApp-Image-2019-04-26-at-09.12.21-688x458.jpeg 688w, https:\/\/anadotto.com.br\/blog\/wp-content\/uploads\/2019\/04\/WhatsApp-Image-2019-04-26-at-09.12.21-728x485.jpeg 728w, https:\/\/anadotto.com.br\/blog\/wp-content\/uploads\/2019\/04\/WhatsApp-Image-2019-04-26-at-09.12.21-516x344.jpeg 516w, https:\/\/anadotto.com.br\/blog\/wp-content\/uploads\/2019\/04\/WhatsApp-Image-2019-04-26-at-09.12.21-72x48.jpeg 72w, https:\/\/anadotto.com.br\/blog\/wp-content\/uploads\/2019\/04\/WhatsApp-Image-2019-04-26-at-09.12.21-144x96.jpeg 144w\" sizes=\"(max-width: 1024px) 100vw, 1024px\" \/><\/figure>\n\n\n\n<figure class=\"wp-block-image\"><img decoding=\"async\" loading=\"lazy\" width=\"682\" height=\"1024\" src=\"http:\/\/anadotto.com.br\/blog\/wp-content\/uploads\/2019\/04\/WhatsApp-Image-2019-04-26-at-09.12.22-682x1024.jpeg\" alt=\"\" class=\"wp-image-2681\" srcset=\"https:\/\/anadotto.com.br\/blog\/wp-content\/uploads\/2019\/04\/WhatsApp-Image-2019-04-26-at-09.12.22.jpeg 682w, https:\/\/anadotto.com.br\/blog\/wp-content\/uploads\/2019\/04\/WhatsApp-Image-2019-04-26-at-09.12.22-200x300.jpeg 200w, https:\/\/anadotto.com.br\/blog\/wp-content\/uploads\/2019\/04\/WhatsApp-Image-2019-04-26-at-09.12.22-344x517.jpeg 344w, https:\/\/anadotto.com.br\/blog\/wp-content\/uploads\/2019\/04\/WhatsApp-Image-2019-04-26-at-09.12.22-516x775.jpeg 516w, https:\/\/anadotto.com.br\/blog\/wp-content\/uploads\/2019\/04\/WhatsApp-Image-2019-04-26-at-09.12.22-32x48.jpeg 32w, https:\/\/anadotto.com.br\/blog\/wp-content\/uploads\/2019\/04\/WhatsApp-Image-2019-04-26-at-09.12.22-64x96.jpeg 64w\" sizes=\"(max-width: 682px) 100vw, 682px\" \/><\/figure>\n","protected":false},"excerpt":{"rendered":"<p>O vestido de Ivone Zanrosso para o casamento da filha, em setembro de 2018, no Altos do Vale, combinava tons de prata, cinza e azul. O modelo era de mangas 3\/4 e bordados concentrados na parte de cima. \u201cEu tinha uma ideia de vestido quando cheguei no atelier e a gente construiu junto\u201d, conta Ivone. [&hellip;]<\/p>\n","protected":false},"author":1,"featured_media":2678,"comment_status":"open","ping_status":"open","sticky":false,"template":"","format":"standard","meta":[],"categories":[131],"tags":[],"_links":{"self":[{"href":"https:\/\/anadotto.com.br\/blog\/index.php?rest_route=\/wp\/v2\/posts\/2677"}],"collection":[{"href":"https:\/\/anadotto.com.br\/blog\/index.php?rest_route=\/wp\/v2\/posts"}],"about":[{"href":"https:\/\/anadotto.com.br\/blog\/index.php?rest_route=\/wp\/v2\/types\/post"}],"author":[{"embeddable":true,"href":"https:\/\/anadotto.com.br\/blog\/index.php?rest_route=\/wp\/v2\/users\/1"}],"replies":[{"embeddable":true,"href":"https:\/\/anadotto.com.br\/blog\/index.php?rest_route=%2Fwp%2Fv2%2Fcomments&post=2677"}],"version-history":[{"count":1,"href":"https:\/\/anadotto.com.br\/blog\/index.php?rest_route=\/wp\/v2\/posts\/2677\/revisions"}],"predecessor-version":[{"id":2682,"href":"https:\/\/anadotto.com.br\/blog\/index.php?rest_route=\/wp\/v2\/posts\/2677\/revisions\/2682"}],"wp:featuredmedia":[{"embeddable":true,"href":"https:\/\/anadotto.com.br\/blog\/index.php?rest_route=\/wp\/v2\/media\/2678"}],"wp:attachment":[{"href":"https:\/\/anadotto.com.br\/blog\/index.php?rest_route=%2Fwp%2Fv2%2Fmedia&parent=2677"}],"wp:term":[{"taxonomy":"category","embeddable":true,"href":"https:\/\/anadotto.com.br\/blog\/index.php?rest_route=%2Fwp%2Fv2%2Fcategories&post=2677"},{"taxonomy":"post_tag","embeddable":true,"href":"https:\/\/anadotto.com.br\/blog\/index.php?rest_route=%2Fwp%2Fv2%2Ftags&post=2677"}],"curies":[{"name":"wp","href":"https:\/\/api.w.org\/{rel}","templated":true}]}}