{"id":2085,"date":"2018-10-16T15:49:35","date_gmt":"2018-10-16T18:49:35","guid":{"rendered":"http:\/\/anadotto.com.br\/blog\/?p=2085"},"modified":"2018-10-16T15:49:35","modified_gmt":"2018-10-16T18:49:35","slug":"mariana-paese-de-toni","status":"publish","type":"post","link":"https:\/\/anadotto.com.br\/blog\/?p=2085","title":{"rendered":"Mariana Paese de Toni"},"content":{"rendered":"<p style=\"font-weight: 400;\">Os meses de planejamento valeram muito! A celebra\u00e7\u00e3o dos 15 anos de Mariana Paese de Toni, em maio de 2018, saiu exatamente como ela tinha sonhado. \u201cFoi um dia que ficou marcado para o resto da minha vida e que me proporcionou viv\u00eancias incr\u00edveis. Tudo foi vivenciado de forma muito especial e aproveitando ao m\u00e1ximo cada momento\u201d, conta.<\/p>\n<p style=\"font-weight: 400;\">E ela diz que a festa na Vin\u00edcola Lovara, em Bento Gon\u00e7alves, n\u00e3o teria tido o mesmo brilho se o vestido fosse outro. Mariana acompanhou de perto o processo de cria\u00e7\u00e3o do seu Ana Dotto. \u201cCom certeza eu n\u00e3o ia encontrar em nenhum lugar o vestido com a cor e o modelo que eu queria, por isso resolvi mandar fazer e com certeza n\u00e3o me arrependo dessa escolha\u201d.<\/p>\n<p style=\"font-weight: 400;\">A escolha, ali\u00e1s, n\u00e3o foi dif\u00edcil. Mariana sabia o que queria e, no caminho, encontrou a qualidade do trabalho da Ana Dotto. \u201cEu sempre quis e pensei em um \u00fanico modelo para o meu vestido: cropped e saia. Ent\u00e3o n\u00e3o tive dificuldades de dizer para Ana o que eu queria, pois j\u00e1 estava decidida. Meu vestido foi \u00fanico, ficou do jeito que eu sempre imaginei. A Ana conseguiu desenhar exatamente o que eu queria\u201d, elogia.<\/p>\n<p style=\"font-weight: 400;\">\n<p style=\"font-weight: 400;\">LOCAL: Vin\u00edcola Lovara, Bento Gon\u00e7alves, RS<\/p>\n<p style=\"font-weight: 400;\">CERIMONIALISTA: Andreia Pil\u00e3o<\/p>\n<p style=\"font-weight: 400;\">MAQUIAGEM E CABELO: Elaine Espa\u00e7o de Beleza<\/p>\n<p style=\"font-weight: 400;\">FOTOGRAFIA: Amanda Vanassi<\/p>\n<p style=\"font-weight: 400;\">FILMAGEM: Galiotto Filmes<\/p>\n<p>&nbsp;<\/p>\n<p class=\"g1-content-img-wrap\"><img decoding=\"async\" loading=\"lazy\" class=\"alignnone wp-image-2022 size-full\" src=\"http:\/\/anadotto.com.br\/blog\/wp-content\/uploads\/2018\/10\/MARIANA-PAESE-DE-TONI-1.jpg\" alt=\"\" width=\"1024\" height=\"684\" srcset=\"https:\/\/anadotto.com.br\/blog\/wp-content\/uploads\/2018\/10\/MARIANA-PAESE-DE-TONI-1.jpg 1024w, https:\/\/anadotto.com.br\/blog\/wp-content\/uploads\/2018\/10\/MARIANA-PAESE-DE-TONI-1-300x200.jpg 300w, https:\/\/anadotto.com.br\/blog\/wp-content\/uploads\/2018\/10\/MARIANA-PAESE-DE-TONI-1-768x513.jpg 768w, https:\/\/anadotto.com.br\/blog\/wp-content\/uploads\/2018\/10\/MARIANA-PAESE-DE-TONI-1-344x230.jpg 344w, https:\/\/anadotto.com.br\/blog\/wp-content\/uploads\/2018\/10\/MARIANA-PAESE-DE-TONI-1-688x460.jpg 688w, https:\/\/anadotto.com.br\/blog\/wp-content\/uploads\/2018\/10\/MARIANA-PAESE-DE-TONI-1-728x486.jpg 728w, https:\/\/anadotto.com.br\/blog\/wp-content\/uploads\/2018\/10\/MARIANA-PAESE-DE-TONI-1-516x345.jpg 516w\" sizes=\"(max-width: 1024px) 100vw, 1024px\" \/> <img decoding=\"async\" loading=\"lazy\" class=\"alignnone wp-image-2021 size-full\" src=\"http:\/\/anadotto.com.br\/blog\/wp-content\/uploads\/2018\/10\/MARIANA-PAESE-DE-TONI-2.jpg\" alt=\"\" width=\"1024\" height=\"684\" srcset=\"https:\/\/anadotto.com.br\/blog\/wp-content\/uploads\/2018\/10\/MARIANA-PAESE-DE-TONI-2.jpg 1024w, https:\/\/anadotto.com.br\/blog\/wp-content\/uploads\/2018\/10\/MARIANA-PAESE-DE-TONI-2-300x200.jpg 300w, https:\/\/anadotto.com.br\/blog\/wp-content\/uploads\/2018\/10\/MARIANA-PAESE-DE-TONI-2-768x513.jpg 768w, https:\/\/anadotto.com.br\/blog\/wp-content\/uploads\/2018\/10\/MARIANA-PAESE-DE-TONI-2-344x230.jpg 344w, https:\/\/anadotto.com.br\/blog\/wp-content\/uploads\/2018\/10\/MARIANA-PAESE-DE-TONI-2-688x460.jpg 688w, https:\/\/anadotto.com.br\/blog\/wp-content\/uploads\/2018\/10\/MARIANA-PAESE-DE-TONI-2-728x486.jpg 728w, https:\/\/anadotto.com.br\/blog\/wp-content\/uploads\/2018\/10\/MARIANA-PAESE-DE-TONI-2-516x345.jpg 516w\" sizes=\"(max-width: 1024px) 100vw, 1024px\" \/> <img decoding=\"async\" loading=\"lazy\" class=\"alignnone wp-image-2023 size-full\" src=\"http:\/\/anadotto.com.br\/blog\/wp-content\/uploads\/2018\/10\/MARIANA-PAESE-DE-TONI-3.jpg\" alt=\"\" width=\"1024\" height=\"684\" srcset=\"https:\/\/anadotto.com.br\/blog\/wp-content\/uploads\/2018\/10\/MARIANA-PAESE-DE-TONI-3.jpg 1024w, https:\/\/anadotto.com.br\/blog\/wp-content\/uploads\/2018\/10\/MARIANA-PAESE-DE-TONI-3-300x200.jpg 300w, https:\/\/anadotto.com.br\/blog\/wp-content\/uploads\/2018\/10\/MARIANA-PAESE-DE-TONI-3-768x513.jpg 768w, https:\/\/anadotto.com.br\/blog\/wp-content\/uploads\/2018\/10\/MARIANA-PAESE-DE-TONI-3-344x230.jpg 344w, https:\/\/anadotto.com.br\/blog\/wp-content\/uploads\/2018\/10\/MARIANA-PAESE-DE-TONI-3-688x460.jpg 688w, https:\/\/anadotto.com.br\/blog\/wp-content\/uploads\/2018\/10\/MARIANA-PAESE-DE-TONI-3-728x486.jpg 728w, https:\/\/anadotto.com.br\/blog\/wp-content\/uploads\/2018\/10\/MARIANA-PAESE-DE-TONI-3-516x345.jpg 516w\" sizes=\"(max-width: 1024px) 100vw, 1024px\" \/> <img decoding=\"async\" loading=\"lazy\" class=\"alignnone wp-image-2024 size-full\" src=\"http:\/\/anadotto.com.br\/blog\/wp-content\/uploads\/2018\/10\/MARIANA-PAESE-DE-TONI-4.jpg\" alt=\"\" width=\"1024\" height=\"684\" srcset=\"https:\/\/anadotto.com.br\/blog\/wp-content\/uploads\/2018\/10\/MARIANA-PAESE-DE-TONI-4.jpg 1024w, https:\/\/anadotto.com.br\/blog\/wp-content\/uploads\/2018\/10\/MARIANA-PAESE-DE-TONI-4-300x200.jpg 300w, https:\/\/anadotto.com.br\/blog\/wp-content\/uploads\/2018\/10\/MARIANA-PAESE-DE-TONI-4-768x513.jpg 768w, https:\/\/anadotto.com.br\/blog\/wp-content\/uploads\/2018\/10\/MARIANA-PAESE-DE-TONI-4-344x230.jpg 344w, https:\/\/anadotto.com.br\/blog\/wp-content\/uploads\/2018\/10\/MARIANA-PAESE-DE-TONI-4-688x460.jpg 688w, https:\/\/anadotto.com.br\/blog\/wp-content\/uploads\/2018\/10\/MARIANA-PAESE-DE-TONI-4-728x486.jpg 728w, https:\/\/anadotto.com.br\/blog\/wp-content\/uploads\/2018\/10\/MARIANA-PAESE-DE-TONI-4-516x345.jpg 516w\" sizes=\"(max-width: 1024px) 100vw, 1024px\" \/><\/p>\n","protected":false},"excerpt":{"rendered":"<p>Os meses de planejamento valeram muito! A celebra\u00e7\u00e3o dos 15 anos de Mariana Paese de Toni, em maio de 2018, saiu exatamente como ela tinha sonhado. \u201cFoi um dia que ficou marcado para o resto da minha vida e que me proporcionou viv\u00eancias incr\u00edveis. Tudo foi vivenciado de forma muito especial e aproveitando ao m\u00e1ximo [&hellip;]<\/p>\n","protected":false},"author":1,"featured_media":2021,"comment_status":"open","ping_status":"open","sticky":false,"template":"","format":"standard","meta":[],"categories":[128],"tags":[],"_links":{"self":[{"href":"https:\/\/anadotto.com.br\/blog\/index.php?rest_route=\/wp\/v2\/posts\/2085"}],"collection":[{"href":"https:\/\/anadotto.com.br\/blog\/index.php?rest_route=\/wp\/v2\/posts"}],"about":[{"href":"https:\/\/anadotto.com.br\/blog\/index.php?rest_route=\/wp\/v2\/types\/post"}],"author":[{"embeddable":true,"href":"https:\/\/anadotto.com.br\/blog\/index.php?rest_route=\/wp\/v2\/users\/1"}],"replies":[{"embeddable":true,"href":"https:\/\/anadotto.com.br\/blog\/index.php?rest_route=%2Fwp%2Fv2%2Fcomments&post=2085"}],"version-history":[{"count":1,"href":"https:\/\/anadotto.com.br\/blog\/index.php?rest_route=\/wp\/v2\/posts\/2085\/revisions"}],"predecessor-version":[{"id":2086,"href":"https:\/\/anadotto.com.br\/blog\/index.php?rest_route=\/wp\/v2\/posts\/2085\/revisions\/2086"}],"wp:featuredmedia":[{"embeddable":true,"href":"https:\/\/anadotto.com.br\/blog\/index.php?rest_route=\/wp\/v2\/media\/2021"}],"wp:attachment":[{"href":"https:\/\/anadotto.com.br\/blog\/index.php?rest_route=%2Fwp%2Fv2%2Fmedia&parent=2085"}],"wp:term":[{"taxonomy":"category","embeddable":true,"href":"https:\/\/anadotto.com.br\/blog\/index.php?rest_route=%2Fwp%2Fv2%2Fcategories&post=2085"},{"taxonomy":"post_tag","embeddable":true,"href":"https:\/\/anadotto.com.br\/blog\/index.php?rest_route=%2Fwp%2Fv2%2Ftags&post=2085"}],"curies":[{"name":"wp","href":"https:\/\/api.w.org\/{rel}","templated":true}]}}