{"id":1934,"date":"2018-09-13T08:27:37","date_gmt":"2018-09-13T11:27:37","guid":{"rendered":"http:\/\/anadotto.com.br\/blog\/?p=1934"},"modified":"2018-10-18T08:14:14","modified_gmt":"2018-10-18T11:14:14","slug":"camile-de-oliveira-calza","status":"publish","type":"post","link":"https:\/\/anadotto.com.br\/blog\/?p=1934","title":{"rendered":"Camile de Oliveira Calza"},"content":{"rendered":"<p dir=\"ltr\">Em mar\u00e7o desse ano, a cliente Camile de Oliveira Calza formou-se em Rela\u00e7\u00f5es P\u00fablicas. E comemorou com uma festa na CIC, onde vestiu um modelo Ana Dotto: cropped bordado e saia verde Tiffany (a cor havia sido definida por ela h\u00e1 pelo menos um ano). \u201cEu gosto muito de bordados, porque sou bailarina de dan\u00e7a do ventre desde os 14 anos. Eu tinha alguns cristais que trouxe do Egito, de uma viagem de 2012, e juntamos com os cristais da Ana, ela adorou. Usamos para bordar o cropped e a barra da cintura da saia\u201d, conta Camile.<\/p>\n<p dir=\"ltr\">Camile chegou no atelier por indica\u00e7\u00e3o de amigas e, no primeiro encontro com a Ana, j\u00e1 sabia que n\u00e3o queria um vestido tradicional, e sim uma saia lisa e um cropped bordado. \u201cAs cores dos cristais, prata, ficaram perfeitas com a cor do vestido,\u201d diz Camile que \u00e9 embaixatriz da Festa da Uva, e teve que conciliar as provas do vestido com os eventos da Festa naqueles meses. \u201cA Ana sempre foi muito querida. Eu expliquei para ela o que queria e no primeiro desenho ela j\u00e1 entendeu, foi bem tranquilo. Come\u00e7amos a fazer o vestido e nas duas \u00faltimas semanas eu ia l\u00e1 sempre. Com a Festa da Uva, n\u00e3o tinha tempo para nada. Eu fui atr\u00e1s do vestido um m\u00eas antes. Foi muito r\u00e1pido! Eu adorei, ficou perfeito, como eu queria. Quando ela bordou, ficou bem a minha cara. Todo mundo adorou!\u201d, conta Camila, explicando que como escolheu saia e cropped tem um look que pode ser usado separadamente em outras ocasi\u00f5es. \u201cMinha profe de dan\u00e7a queria que eu fizesse uma roupa com ele, mas n\u00e3o vou fazer\u2026 quero ele para mim, de lembran\u00e7a!\u201d<\/p>\n<p dir=\"ltr\">Local: CIC<\/p>\n<p dir=\"ltr\">Fotos: Alesi Ditadi<\/p>\n<p dir=\"ltr\">Make e cabelo: Le Parlour<\/p>\n<p dir=\"ltr\">Acess\u00f3rios: Camii Vieira<\/p>\n<p dir=\"ltr\" class=\"g1-content-img-wrap\"><img decoding=\"async\" loading=\"lazy\" class=\"alignnone wp-image-1936 size-large\" src=\"http:\/\/anadotto.com.br\/blog\/wp-content\/uploads\/2018\/09\/a5f4b81c-7384-492f-9b73-253fe516673f-699x1024.jpg\" alt=\"\" width=\"662\" height=\"970\" \/>\u00a0<img decoding=\"async\" loading=\"lazy\" class=\"alignnone wp-image-2174 size-full\" src=\"http:\/\/anadotto.com.br\/blog\/wp-content\/uploads\/2018\/09\/b229af10-9b80-47fe-89fa-5b12f3d2e87e.jpg\" alt=\"\" width=\"854\" height=\"1280\" srcset=\"https:\/\/anadotto.com.br\/blog\/wp-content\/uploads\/2018\/09\/b229af10-9b80-47fe-89fa-5b12f3d2e87e.jpg 854w, https:\/\/anadotto.com.br\/blog\/wp-content\/uploads\/2018\/09\/b229af10-9b80-47fe-89fa-5b12f3d2e87e-200x300.jpg 200w, https:\/\/anadotto.com.br\/blog\/wp-content\/uploads\/2018\/09\/b229af10-9b80-47fe-89fa-5b12f3d2e87e-768x1151.jpg 768w, https:\/\/anadotto.com.br\/blog\/wp-content\/uploads\/2018\/09\/b229af10-9b80-47fe-89fa-5b12f3d2e87e-683x1024.jpg 683w, https:\/\/anadotto.com.br\/blog\/wp-content\/uploads\/2018\/09\/b229af10-9b80-47fe-89fa-5b12f3d2e87e-344x516.jpg 344w, https:\/\/anadotto.com.br\/blog\/wp-content\/uploads\/2018\/09\/b229af10-9b80-47fe-89fa-5b12f3d2e87e-688x1031.jpg 688w, https:\/\/anadotto.com.br\/blog\/wp-content\/uploads\/2018\/09\/b229af10-9b80-47fe-89fa-5b12f3d2e87e-728x1091.jpg 728w, https:\/\/anadotto.com.br\/blog\/wp-content\/uploads\/2018\/09\/b229af10-9b80-47fe-89fa-5b12f3d2e87e-516x773.jpg 516w\" sizes=\"(max-width: 854px) 100vw, 854px\" \/><\/p>\n","protected":false},"excerpt":{"rendered":"<p>Em mar\u00e7o desse ano, a cliente Camile de Oliveira Calza formou-se em Rela\u00e7\u00f5es P\u00fablicas. E comemorou com uma festa na CIC, onde vestiu um modelo Ana Dotto: cropped bordado e saia verde Tiffany (a cor havia sido definida por ela h\u00e1 pelo menos um ano). \u201cEu gosto muito de bordados, porque sou bailarina de dan\u00e7a [&hellip;]<\/p>\n","protected":false},"author":1,"featured_media":2172,"comment_status":"open","ping_status":"open","sticky":false,"template":"","format":"standard","meta":[],"categories":[130],"tags":[],"_links":{"self":[{"href":"https:\/\/anadotto.com.br\/blog\/index.php?rest_route=\/wp\/v2\/posts\/1934"}],"collection":[{"href":"https:\/\/anadotto.com.br\/blog\/index.php?rest_route=\/wp\/v2\/posts"}],"about":[{"href":"https:\/\/anadotto.com.br\/blog\/index.php?rest_route=\/wp\/v2\/types\/post"}],"author":[{"embeddable":true,"href":"https:\/\/anadotto.com.br\/blog\/index.php?rest_route=\/wp\/v2\/users\/1"}],"replies":[{"embeddable":true,"href":"https:\/\/anadotto.com.br\/blog\/index.php?rest_route=%2Fwp%2Fv2%2Fcomments&post=1934"}],"version-history":[{"count":4,"href":"https:\/\/anadotto.com.br\/blog\/index.php?rest_route=\/wp\/v2\/posts\/1934\/revisions"}],"predecessor-version":[{"id":2175,"href":"https:\/\/anadotto.com.br\/blog\/index.php?rest_route=\/wp\/v2\/posts\/1934\/revisions\/2175"}],"wp:featuredmedia":[{"embeddable":true,"href":"https:\/\/anadotto.com.br\/blog\/index.php?rest_route=\/wp\/v2\/media\/2172"}],"wp:attachment":[{"href":"https:\/\/anadotto.com.br\/blog\/index.php?rest_route=%2Fwp%2Fv2%2Fmedia&parent=1934"}],"wp:term":[{"taxonomy":"category","embeddable":true,"href":"https:\/\/anadotto.com.br\/blog\/index.php?rest_route=%2Fwp%2Fv2%2Fcategories&post=1934"},{"taxonomy":"post_tag","embeddable":true,"href":"https:\/\/anadotto.com.br\/blog\/index.php?rest_route=%2Fwp%2Fv2%2Ftags&post=1934"}],"curies":[{"name":"wp","href":"https:\/\/api.w.org\/{rel}","templated":true}]}}