{"id":1928,"date":"2018-09-13T08:23:16","date_gmt":"2018-09-13T11:23:16","guid":{"rendered":"http:\/\/anadotto.com.br\/blog\/?p=1928"},"modified":"2018-10-18T08:16:58","modified_gmt":"2018-10-18T11:16:58","slug":"juliana-boz","status":"publish","type":"post","link":"https:\/\/anadotto.com.br\/blog\/?p=1928","title":{"rendered":"Juliana B\u00f3z"},"content":{"rendered":"<p dir=\"ltr\">\u201cTodo o vestido tem um pouco da personalidade da pessoa. O meu teve tamb\u00e9m.\u201d \u00c9 assim que a noiva Juliana B\u00f3z define o processo do seu vestido de casamento. \u201cEu j\u00e1 tinha feito vestidos em outras ocasi\u00f5es, com outras costureiras e foi traum\u00e1tico. A Ana me passou muita seguran\u00e7a. Em outras ocasi\u00f5es, dois dias antes do evento e o vestido ainda n\u00e3o estava pronto, dava medo, n\u00e3o era a preocupa\u00e7\u00e3o que eu queria ter. A Ana me passou muita tranquilidade fazendo as provas aos poucos\u201d, explica.<\/p>\n<p dir=\"ltr\">Juliana escolheu um vestido bordado com arabescos de p\u00e9rolas e cristais. \u201cA primeira vez que eu fui na Ana, fui em busca de um vestido sem renda, n\u00e3o queria ser igual a todas as noivas. E em todo lugar que aluga vestidos, n\u00e3o encontrei nada sem renda e que fosse a minha cara.\u201d Ao chegar no atelier, Juliana avisou: \u201c\u2018N\u00e3o quero um vestido rodado, um bolo fofo, quero um mais simples, minimalista, com p\u00e9rolas e cristais\u2019, eu disse. E come\u00e7amos a pensar juntas. A Ana achou que um modelo sereia ia se enquadrar com meu estilo de corpo e foi uma jun\u00e7\u00e3o de ideias, a gente se acertou nesse sentido. Ela, com a bagagem dela, e eu com meus gostos. Ela conseguiu me compreender e colocar no papel exatamente o que eu estava procurando,\u201d diz Juliana, que, inclusive, desenhou junto com a Ana os bordados do vestido.<\/p>\n<p dir=\"ltr\">O processo do vestido de Juliana come\u00e7ou um ano antes do casamento. \u201cQuando busquei o vestido ele estava perfeitamente embalado. A Ana cumpriu com o que prometeu \u00a0e eu super indico ela. \u00c9 um dos fornecedores do meu casamento que eu mais indico. Sem falar que ela \u00e9 um amor e gente como a gente\u201d, conta Juliana, que, para o casamento, organizou junto com o noivo, Igor Giovani Gazzi, uma festa na Vin\u00edcola Perini. \u201cEu faria tudo de novo, o casamento \u00e9 algo que \u00e9 muito \u00fanico, muito especial. Nem tem palavras para descrever de t\u00e3o bom. Tem a ver com o que comentei sobre o vestido: ficou a nossa cara. O sonho de casar foi constru\u00eddo pelo casal, pensamos em toda a cerim\u00f4nia, sempre quisemos ter isso, somos um casal festeiro e nossa fam\u00edlia nos incentivou . O casamento n\u00e3o foi um sonho de uma pessoa s\u00f3.\u201d<\/p>\n<p dir=\"ltr\">Igreja: S\u00e3o Pelegrino<\/p>\n<p dir=\"ltr\">Festa: Vin\u00edcola Perini<\/p>\n<p dir=\"ltr\">Cabelo e make: Luiza Webber e Monica Webber<\/p>\n<p dir=\"ltr\">Cerimonialista: Marta Michelon<\/p>\n<p dir=\"ltr\">Fotografia: Zignani<\/p>\n<p dir=\"ltr\">Filmagem: Galiotto<\/p>\n<p dir=\"ltr\">\n<p dir=\"ltr\" class=\"g1-content-img-wrap\"><img decoding=\"async\" loading=\"lazy\" class=\"alignnone wp-image-2181 size-full\" src=\"http:\/\/anadotto.com.br\/blog\/wp-content\/uploads\/2018\/09\/zig0973.jpg\" alt=\"\" width=\"800\" height=\"533\" srcset=\"https:\/\/anadotto.com.br\/blog\/wp-content\/uploads\/2018\/09\/zig0973.jpg 800w, https:\/\/anadotto.com.br\/blog\/wp-content\/uploads\/2018\/09\/zig0973-300x200.jpg 300w, https:\/\/anadotto.com.br\/blog\/wp-content\/uploads\/2018\/09\/zig0973-768x512.jpg 768w, https:\/\/anadotto.com.br\/blog\/wp-content\/uploads\/2018\/09\/zig0973-344x229.jpg 344w, https:\/\/anadotto.com.br\/blog\/wp-content\/uploads\/2018\/09\/zig0973-688x458.jpg 688w, https:\/\/anadotto.com.br\/blog\/wp-content\/uploads\/2018\/09\/zig0973-728x485.jpg 728w, https:\/\/anadotto.com.br\/blog\/wp-content\/uploads\/2018\/09\/zig0973-516x344.jpg 516w\" sizes=\"(max-width: 800px) 100vw, 800px\" \/> <img decoding=\"async\" loading=\"lazy\" class=\"alignnone wp-image-2180 size-full\" src=\"http:\/\/anadotto.com.br\/blog\/wp-content\/uploads\/2018\/09\/zig0569.jpg\" alt=\"\" width=\"800\" height=\"533\" srcset=\"https:\/\/anadotto.com.br\/blog\/wp-content\/uploads\/2018\/09\/zig0569.jpg 800w, https:\/\/anadotto.com.br\/blog\/wp-content\/uploads\/2018\/09\/zig0569-300x200.jpg 300w, https:\/\/anadotto.com.br\/blog\/wp-content\/uploads\/2018\/09\/zig0569-768x512.jpg 768w, https:\/\/anadotto.com.br\/blog\/wp-content\/uploads\/2018\/09\/zig0569-344x229.jpg 344w, https:\/\/anadotto.com.br\/blog\/wp-content\/uploads\/2018\/09\/zig0569-688x458.jpg 688w, https:\/\/anadotto.com.br\/blog\/wp-content\/uploads\/2018\/09\/zig0569-728x485.jpg 728w, https:\/\/anadotto.com.br\/blog\/wp-content\/uploads\/2018\/09\/zig0569-516x344.jpg 516w\" sizes=\"(max-width: 800px) 100vw, 800px\" \/> <img decoding=\"async\" loading=\"lazy\" class=\"alignnone wp-image-2179 size-full\" src=\"http:\/\/anadotto.com.br\/blog\/wp-content\/uploads\/2018\/09\/zig0400.jpg\" alt=\"\" width=\"800\" height=\"533\" srcset=\"https:\/\/anadotto.com.br\/blog\/wp-content\/uploads\/2018\/09\/zig0400.jpg 800w, https:\/\/anadotto.com.br\/blog\/wp-content\/uploads\/2018\/09\/zig0400-300x200.jpg 300w, https:\/\/anadotto.com.br\/blog\/wp-content\/uploads\/2018\/09\/zig0400-768x512.jpg 768w, https:\/\/anadotto.com.br\/blog\/wp-content\/uploads\/2018\/09\/zig0400-344x229.jpg 344w, https:\/\/anadotto.com.br\/blog\/wp-content\/uploads\/2018\/09\/zig0400-688x458.jpg 688w, https:\/\/anadotto.com.br\/blog\/wp-content\/uploads\/2018\/09\/zig0400-728x485.jpg 728w, https:\/\/anadotto.com.br\/blog\/wp-content\/uploads\/2018\/09\/zig0400-516x344.jpg 516w\" sizes=\"(max-width: 800px) 100vw, 800px\" \/><\/p>\n<p dir=\"ltr\">\n","protected":false},"excerpt":{"rendered":"<p>\u201cTodo o vestido tem um pouco da personalidade da pessoa. O meu teve tamb\u00e9m.\u201d \u00c9 assim que a noiva Juliana B\u00f3z define o processo do seu vestido de casamento. \u201cEu j\u00e1 tinha feito vestidos em outras ocasi\u00f5es, com outras costureiras e foi traum\u00e1tico. A Ana me passou muita seguran\u00e7a. Em outras ocasi\u00f5es, dois dias antes [&hellip;]<\/p>\n","protected":false},"author":1,"featured_media":2178,"comment_status":"open","ping_status":"open","sticky":false,"template":"","format":"standard","meta":[],"categories":[129],"tags":[],"_links":{"self":[{"href":"https:\/\/anadotto.com.br\/blog\/index.php?rest_route=\/wp\/v2\/posts\/1928"}],"collection":[{"href":"https:\/\/anadotto.com.br\/blog\/index.php?rest_route=\/wp\/v2\/posts"}],"about":[{"href":"https:\/\/anadotto.com.br\/blog\/index.php?rest_route=\/wp\/v2\/types\/post"}],"author":[{"embeddable":true,"href":"https:\/\/anadotto.com.br\/blog\/index.php?rest_route=\/wp\/v2\/users\/1"}],"replies":[{"embeddable":true,"href":"https:\/\/anadotto.com.br\/blog\/index.php?rest_route=%2Fwp%2Fv2%2Fcomments&post=1928"}],"version-history":[{"count":3,"href":"https:\/\/anadotto.com.br\/blog\/index.php?rest_route=\/wp\/v2\/posts\/1928\/revisions"}],"predecessor-version":[{"id":2183,"href":"https:\/\/anadotto.com.br\/blog\/index.php?rest_route=\/wp\/v2\/posts\/1928\/revisions\/2183"}],"wp:featuredmedia":[{"embeddable":true,"href":"https:\/\/anadotto.com.br\/blog\/index.php?rest_route=\/wp\/v2\/media\/2178"}],"wp:attachment":[{"href":"https:\/\/anadotto.com.br\/blog\/index.php?rest_route=%2Fwp%2Fv2%2Fmedia&parent=1928"}],"wp:term":[{"taxonomy":"category","embeddable":true,"href":"https:\/\/anadotto.com.br\/blog\/index.php?rest_route=%2Fwp%2Fv2%2Fcategories&post=1928"},{"taxonomy":"post_tag","embeddable":true,"href":"https:\/\/anadotto.com.br\/blog\/index.php?rest_route=%2Fwp%2Fv2%2Ftags&post=1928"}],"curies":[{"name":"wp","href":"https:\/\/api.w.org\/{rel}","templated":true}]}}